{"id":8406,"date":"2024-06-30T13:36:58","date_gmt":"2024-06-30T11:36:58","guid":{"rendered":"https:\/\/fvs-stelltsichvor.de\/wordpress\/?p=8406"},"modified":"2024-06-30T13:37:00","modified_gmt":"2024-06-30T11:37:00","slug":"digital-in-der-gedenkstaette-auschwitz","status":"publish","type":"post","link":"https:\/\/fvs-stelltsichvor.de\/wordpress\/2024\/06\/30\/digital-in-der-gedenkstaette-auschwitz\/","title":{"rendered":"Digital in der Gedenkst\u00e4tte Auschwitz"},"content":{"rendered":"\n<p>Am Freitag, den 28.6. unternahm die Freiherr-vom-Stein Schule ein Experiment: Das Konzentrationslager Auschwitz wurde digital besucht. Es handelt sich nicht um eine Online-Ausstellung oder eine VR-Umgebung. Die Gedenkst\u00e4tte in Polen bietet seit neustem Live-F\u00fchrungen an. Sch\u00fclerinnen und Sch\u00fcler der 9a, 9b und 9d nahmen in einem Klassenraum am Teilstandort an dieser Live-F\u00fchrung teil.<\/p>\n\n\n\n<p>Auschwitz war das gr\u00f6\u00dfte Vernichtungslager der Nationalsozialisten. Mindestens 1,1 Millionen Menschen kamen hier zu Tode. &nbsp;Dem Geschichtsunterricht f\u00e4llt die wichtige Aufgabe zu, an die Verbrechen zu erinnern, die dort passiert sind. Wie wichtig diese Auseinandersetzung ist, zeigt die aktuelle politische Situation.<\/p>\n\n\n\n<p>Zun\u00e4chst wurde das Stammlager gezeigt und die verschiedenen Funktionen der Geb\u00e4ude. Zeitzeugen und ihre Aussagen wurden direkt in den Livestream eingeblendet. Der Galgen, an dem KZ-Lagerkommandant Rudolf H\u00f6\u00df gehenkt wurde, wurden ebenso gezeigt wie die Waschr\u00e4ume, in denen den KZ-H\u00e4ftlingen ihre Haare abrasiert worden sind. Anschlie\u00dfend wechselte die F\u00fchrung nach einer kurzen Pause in das Vernichtungslager Auschwitz Birkenau. Besonders eindr\u00fccklich war hier die Zeitzeugenschilderung vom Bau der Gaskammern und das erdr\u00fcckende Ausma\u00df dieser Geb\u00e4ude, die 4700 Menschen gleichzeitig in den Tod schicken konnten.<\/p>\n\n\n\n<p>Nat\u00fcrlich ist der Livestream nicht mit einem echten Besuch vor Ort vergleichbar. Die echte Gedenkst\u00e4tte befindet sich ca. 1100 km entfernt und l\u00e4sst sich folglich nicht \u201emal eben so\u201c besuchen. So mussten leider kleine technische Probleme wie gelegentlich Standbilder beim Stream oder ein oftmals schwer zu verstehender Tourguide in Kauf genommen werden.<\/p>\n\n\n\n<p>Organisiert wurde der Livestream von Herrn Hagemann<\/p>\n\n\n\n<p>Aus rechtlichen Gr\u00fcnden d\u00fcrfen leider keine Bilder vom Livestream ver\u00f6ffentlicht werden.<\/p>\n\n\n\n<p>Artikel: Herr Hagemann<\/p>\n\n\n\n<figure class=\"wp-block-image size-large\"><img loading=\"lazy\" decoding=\"async\" width=\"1024\" height=\"682\" src=\"https:\/\/fvs-stelltsichvor.de\/wordpress\/wp-content\/uploads\/2024\/06\/camp-7432553_1280-1024x682.jpg\" alt=\"\" class=\"wp-image-8408\" srcset=\"https:\/\/fvs-stelltsichvor.de\/wordpress\/wp-content\/uploads\/2024\/06\/camp-7432553_1280-1024x682.jpg 1024w, https:\/\/fvs-stelltsichvor.de\/wordpress\/wp-content\/uploads\/2024\/06\/camp-7432553_1280-300x200.jpg 300w, https:\/\/fvs-stelltsichvor.de\/wordpress\/wp-content\/uploads\/2024\/06\/camp-7432553_1280-768x511.jpg 768w, https:\/\/fvs-stelltsichvor.de\/wordpress\/wp-content\/uploads\/2024\/06\/camp-7432553_1280.jpg 1280w\" sizes=\"auto, (max-width: 1024px) 100vw, 1024px\" \/><\/figure>\n","protected":false},"excerpt":{"rendered":"<p>Am Freitag, den 28.6. unternahm die Freiherr-vom-Stein Schule ein Experiment: Das Konzentrationslager Auschwitz wurde digital besucht. Es handelt sich nicht um eine Online-Ausstellung oder eine VR-Umgebung. Die Gedenkst\u00e4tte in Polen bietet seit neustem Live-F\u00fchrungen an. Sch\u00fclerinnen und Sch\u00fcler der 9a, 9b und 9d nahmen in einem Klassenraum am Teilstandort an dieser Live-F\u00fchrung teil. Auschwitz war [&hellip;]<\/p>\n","protected":false},"author":1,"featured_media":8409,"comment_status":"closed","ping_status":"open","sticky":false,"template":"","format":"standard","meta":{"footnotes":""},"categories":[6,15,17],"tags":[],"class_list":["post-8406","post","type-post","status-publish","format-standard","has-post-thumbnail","hentry","category-aktuelles","category-projekte","category-schule-gegen-rassismus"],"jetpack_featured_media_url":"https:\/\/fvs-stelltsichvor.de\/wordpress\/wp-content\/uploads\/2024\/06\/frederick-wallace-_sVnHTFHQDU-unsplash-1.jpg","_links":{"self":[{"href":"https:\/\/fvs-stelltsichvor.de\/wordpress\/wp-json\/wp\/v2\/posts\/8406","targetHints":{"allow":["GET"]}}],"collection":[{"href":"https:\/\/fvs-stelltsichvor.de\/wordpress\/wp-json\/wp\/v2\/posts"}],"about":[{"href":"https:\/\/fvs-stelltsichvor.de\/wordpress\/wp-json\/wp\/v2\/types\/post"}],"author":[{"embeddable":true,"href":"https:\/\/fvs-stelltsichvor.de\/wordpress\/wp-json\/wp\/v2\/users\/1"}],"replies":[{"embeddable":true,"href":"https:\/\/fvs-stelltsichvor.de\/wordpress\/wp-json\/wp\/v2\/comments?post=8406"}],"version-history":[{"count":1,"href":"https:\/\/fvs-stelltsichvor.de\/wordpress\/wp-json\/wp\/v2\/posts\/8406\/revisions"}],"predecessor-version":[{"id":8410,"href":"https:\/\/fvs-stelltsichvor.de\/wordpress\/wp-json\/wp\/v2\/posts\/8406\/revisions\/8410"}],"wp:featuredmedia":[{"embeddable":true,"href":"https:\/\/fvs-stelltsichvor.de\/wordpress\/wp-json\/wp\/v2\/media\/8409"}],"wp:attachment":[{"href":"https:\/\/fvs-stelltsichvor.de\/wordpress\/wp-json\/wp\/v2\/media?parent=8406"}],"wp:term":[{"taxonomy":"category","embeddable":true,"href":"https:\/\/fvs-stelltsichvor.de\/wordpress\/wp-json\/wp\/v2\/categories?post=8406"},{"taxonomy":"post_tag","embeddable":true,"href":"https:\/\/fvs-stelltsichvor.de\/wordpress\/wp-json\/wp\/v2\/tags?post=8406"}],"curies":[{"name":"wp","href":"https:\/\/api.w.org\/{rel}","templated":true}]}}