{"id":8260,"date":"2024-03-23T09:14:53","date_gmt":"2024-03-23T08:14:53","guid":{"rendered":"https:\/\/fvs-stelltsichvor.de\/wordpress\/?p=8260"},"modified":"2024-03-23T09:18:50","modified_gmt":"2024-03-23T08:18:50","slug":"mit-courage-gegen-diskriminierung","status":"publish","type":"post","link":"https:\/\/fvs-stelltsichvor.de\/wordpress\/2024\/03\/23\/mit-courage-gegen-diskriminierung\/","title":{"rendered":"Mit Courage gegen Diskriminierung"},"content":{"rendered":"\n<p>In einer bemerkenswerten Aktion setzte sich Mia G\u00f6cke, eine engagierte Sch\u00fclerin der 10. Klasse, aktiv f\u00fcr die Sensibilisierung gegen Diskriminierung ein. Mit einem starken Engagement und einer bemerkenswerten Courage f\u00fchrte sie in den Klassen 6 und 8 eine Unterrichtsstunde zum Thema Diskriminierung durch. Ihr Ziel war es, nicht nur Bewusstsein f\u00fcr diese ernste Thematik zu schaffen, sondern auch den Sch\u00fclern M\u00f6glichkeiten aufzuzeigen, wie sie in solchen Situationen reagieren k\u00f6nnen.<br><\/p>\n\n\n\n<p>In diesen interaktiven Stunden vermittelte Mia G\u00f6cke den Sch\u00fclern nicht nur das Wissen dar\u00fcber, was Diskriminierung ist, sondern auch die rechtliche Bedeutung dieses Themas. Sie betonte, dass Diskriminierung nicht nur moralisch verwerflich ist, sondern auch eine Straftat darstellt, die ernsthafte Konsequenzen nach sich ziehen kann. Durch ihre klare und einf\u00fchlsame Art gelang es Mia, den Sch\u00fclern die Dringlichkeit und Wichtigkeit dieses Themas nahezubringen.<\/p>\n\n\n\n<p><br>Ein zentraler Aspekt ihrer Unterrichtsstunde war die Vermittlung eines couragierten Handelns im Falle von Diskriminierungsvorf\u00e4llen. Mia ermutigte die Sch\u00fclerinnen und Sch\u00fcler, nicht wegzuschauen, sondern mutig einzugreifen und sich f\u00fcr diejenigen einzusetzen, die diskriminiert werden. Sie erkl\u00e4rte, wie wichtig es ist, Solidarit\u00e4t zu zeigen und sich aktiv gegen jegliche Form von Diskriminierung einzusetzen.<br>Dar\u00fcber hinaus wies Mia auf die verschiedenen Unterst\u00fctzungsm\u00f6glichkeiten hin, die den Sch\u00fclern zur Verf\u00fcgung stehen. Sie erw\u00e4hnte die Beratungslehrerinnen und -lehrer als erste Anlaufstelle f\u00fcr Hilfe und Unterst\u00fctzung. Zudem machte sie auf die M\u00f6glichkeit der Streitschlichtung aufmerksam, um Konflikte friedlich zu l\u00f6sen. Besonders betonte sie jedoch ihre eigene Rolle als Courage Coach und ermutigte die Sch\u00fclerinnen und Sch\u00fcler, sich bei ihr Hilfe und Unterst\u00fctzung zu suchen.<\/p>\n\n\n\n<p><br>Die Unterrichtsstunden von Mia G\u00f6cke waren nicht nur informativ, sondern auch inspirierend. Sie zeigten den Sch\u00fclerinnen und Sch\u00fclern, dass sie die Macht haben, positive Ver\u00e4nderungen herbeizuf\u00fchren und aktiv gegen Diskriminierung vorzugehen. Mia G\u00f6cke bewies mit ihrer Aktion, dass auch junge Menschen eine bedeutende Rolle im Kampf gegen Ungerechtigkeit und Diskriminierung spielen k\u00f6nnen. Ihre Stimme ist ein leuchtendes Beispiel f\u00fcr Courage und Entschlossenheit in unserer Schulgemeinschaft.<\/p>\n\n\n\n<p>Artikel: Herr M\u00fcller<\/p>\n\n\n\n<figure class=\"wp-block-image size-large\"><img loading=\"lazy\" decoding=\"async\" width=\"1024\" height=\"484\" src=\"https:\/\/fvs-stelltsichvor.de\/wordpress\/wp-content\/uploads\/2024\/03\/WhatsApp-Image-2024-03-22-at-12.43.48-1024x484.jpeg\" alt=\"\" class=\"wp-image-8262\" srcset=\"https:\/\/fvs-stelltsichvor.de\/wordpress\/wp-content\/uploads\/2024\/03\/WhatsApp-Image-2024-03-22-at-12.43.48-1024x484.jpeg 1024w, https:\/\/fvs-stelltsichvor.de\/wordpress\/wp-content\/uploads\/2024\/03\/WhatsApp-Image-2024-03-22-at-12.43.48-300x142.jpeg 300w, https:\/\/fvs-stelltsichvor.de\/wordpress\/wp-content\/uploads\/2024\/03\/WhatsApp-Image-2024-03-22-at-12.43.48-768x363.jpeg 768w, https:\/\/fvs-stelltsichvor.de\/wordpress\/wp-content\/uploads\/2024\/03\/WhatsApp-Image-2024-03-22-at-12.43.48-1536x727.jpeg 1536w, https:\/\/fvs-stelltsichvor.de\/wordpress\/wp-content\/uploads\/2024\/03\/WhatsApp-Image-2024-03-22-at-12.43.48.jpeg 1600w\" sizes=\"auto, (max-width: 1024px) 100vw, 1024px\" \/><\/figure>\n","protected":false},"excerpt":{"rendered":"<p>In einer bemerkenswerten Aktion setzte sich Mia G\u00f6cke, eine engagierte Sch\u00fclerin der 10. Klasse, aktiv f\u00fcr die Sensibilisierung gegen Diskriminierung ein. Mit einem starken Engagement und einer bemerkenswerten Courage f\u00fchrte sie in den Klassen 6 und 8 eine Unterrichtsstunde zum Thema Diskriminierung durch. Ihr Ziel war es, nicht nur Bewusstsein f\u00fcr diese ernste Thematik zu [&hellip;]<\/p>\n","protected":false},"author":1,"featured_media":8261,"comment_status":"closed","ping_status":"open","sticky":false,"template":"","format":"standard","meta":{"footnotes":""},"categories":[6,17],"tags":[],"class_list":["post-8260","post","type-post","status-publish","format-standard","has-post-thumbnail","hentry","category-aktuelles","category-schule-gegen-rassismus"],"jetpack_featured_media_url":"https:\/\/fvs-stelltsichvor.de\/wordpress\/wp-content\/uploads\/2024\/03\/WhatsApp-Image-2024-03-22-at-12.43.49.jpeg","_links":{"self":[{"href":"https:\/\/fvs-stelltsichvor.de\/wordpress\/wp-json\/wp\/v2\/posts\/8260","targetHints":{"allow":["GET"]}}],"collection":[{"href":"https:\/\/fvs-stelltsichvor.de\/wordpress\/wp-json\/wp\/v2\/posts"}],"about":[{"href":"https:\/\/fvs-stelltsichvor.de\/wordpress\/wp-json\/wp\/v2\/types\/post"}],"author":[{"embeddable":true,"href":"https:\/\/fvs-stelltsichvor.de\/wordpress\/wp-json\/wp\/v2\/users\/1"}],"replies":[{"embeddable":true,"href":"https:\/\/fvs-stelltsichvor.de\/wordpress\/wp-json\/wp\/v2\/comments?post=8260"}],"version-history":[{"count":1,"href":"https:\/\/fvs-stelltsichvor.de\/wordpress\/wp-json\/wp\/v2\/posts\/8260\/revisions"}],"predecessor-version":[{"id":8263,"href":"https:\/\/fvs-stelltsichvor.de\/wordpress\/wp-json\/wp\/v2\/posts\/8260\/revisions\/8263"}],"wp:featuredmedia":[{"embeddable":true,"href":"https:\/\/fvs-stelltsichvor.de\/wordpress\/wp-json\/wp\/v2\/media\/8261"}],"wp:attachment":[{"href":"https:\/\/fvs-stelltsichvor.de\/wordpress\/wp-json\/wp\/v2\/media?parent=8260"}],"wp:term":[{"taxonomy":"category","embeddable":true,"href":"https:\/\/fvs-stelltsichvor.de\/wordpress\/wp-json\/wp\/v2\/categories?post=8260"},{"taxonomy":"post_tag","embeddable":true,"href":"https:\/\/fvs-stelltsichvor.de\/wordpress\/wp-json\/wp\/v2\/tags?post=8260"}],"curies":[{"name":"wp","href":"https:\/\/api.w.org\/{rel}","templated":true}]}}