{"id":7541,"date":"2023-05-23T17:44:25","date_gmt":"2023-05-23T15:44:25","guid":{"rendered":"https:\/\/fvs-stelltsichvor.de\/wordpress\/?p=7541"},"modified":"2023-05-23T17:46:10","modified_gmt":"2023-05-23T15:46:10","slug":"kooperation-mit-der-egk","status":"publish","type":"post","link":"https:\/\/fvs-stelltsichvor.de\/wordpress\/2023\/05\/23\/kooperation-mit-der-egk\/","title":{"rendered":"Kooperation mit der EGK"},"content":{"rendered":"\n<p>In der Vergangenheit haben sich Partnerschaften zwischen Schulen und Unternehmen als ein erfolgreiches Instrument erwiesen, um Jugendliche auf ihrem Weg in eine Ausbildung oder in ein Studium zu unterst\u00fctzen.<\/p>\n\n\n\n<p>Durch eine gemeinsame Zusammenarbeit mit den Krefelder Unternehmen bauen wir Br\u00fccken f\u00fcr unsere Sch\u00fclerInnen und erleichtern einen praxisnahen Einblick in die Berufs- und Arbeitswelt. Hierbei haben die Jugendlichen der Realschule Freiherr-vom-Stein die M\u00f6glichkeiten, den betrieblichen Alltag kennenzulernen und Erfahrungen in konkreten Arbeitsprozessen zu machen.<\/p>\n\n\n\n<p>Die Entsorgungsgesellschaft Krefeld GmbH &amp; Co., eine Tochter der Stadtwerke Krefeld, ist bereit mit uns als Schule, unsere Sch\u00fcerInnnen auf dem Weg in die Berufswelt zu unterst\u00fctzen.<br>Der Vertrag wurde unterzeichnet durch Professor Dr.-Ing. Roos und dem Schulleiter Herrn Bartel.<br>Wir bedanken uns bei der Entsorgungsgesellschaft Krefeld GmbH &amp; Co und freuen uns auf eine zuk\u00fcnftige erfolgreiche Kooperation.<\/p>\n\n\n\n<p>Die Zusammenarbeit wird durch die Ausbildungsbeauftragte der EGK, Frau Schulz und der Studien- und Berufswahlkoordinatorin der Realschule Freiherr-vom-Stein, Frau Reinermann koordiniert.<\/p>\n\n\n\n<p><br>Artikel: Reinermann)<\/p>\n","protected":false},"excerpt":{"rendered":"<p>In der Vergangenheit haben sich Partnerschaften zwischen Schulen und Unternehmen als ein erfolgreiches Instrument erwiesen, um Jugendliche auf ihrem Weg in eine Ausbildung oder in ein Studium zu unterst\u00fctzen. Durch eine gemeinsame Zusammenarbeit mit den Krefelder Unternehmen bauen wir Br\u00fccken f\u00fcr unsere Sch\u00fclerInnen und erleichtern einen praxisnahen Einblick in die Berufs- und Arbeitswelt. Hierbei haben [&hellip;]<\/p>\n","protected":false},"author":1,"featured_media":7545,"comment_status":"closed","ping_status":"open","sticky":false,"template":"","format":"standard","meta":{"footnotes":""},"categories":[6,7,12],"tags":[],"class_list":["post-7541","post","type-post","status-publish","format-standard","has-post-thumbnail","hentry","category-aktuelles","category-berufsorientierung","category-ksw"],"jetpack_featured_media_url":"https:\/\/fvs-stelltsichvor.de\/wordpress\/wp-content\/uploads\/2023\/05\/Bild1-1.jpg","_links":{"self":[{"href":"https:\/\/fvs-stelltsichvor.de\/wordpress\/wp-json\/wp\/v2\/posts\/7541","targetHints":{"allow":["GET"]}}],"collection":[{"href":"https:\/\/fvs-stelltsichvor.de\/wordpress\/wp-json\/wp\/v2\/posts"}],"about":[{"href":"https:\/\/fvs-stelltsichvor.de\/wordpress\/wp-json\/wp\/v2\/types\/post"}],"author":[{"embeddable":true,"href":"https:\/\/fvs-stelltsichvor.de\/wordpress\/wp-json\/wp\/v2\/users\/1"}],"replies":[{"embeddable":true,"href":"https:\/\/fvs-stelltsichvor.de\/wordpress\/wp-json\/wp\/v2\/comments?post=7541"}],"version-history":[{"count":1,"href":"https:\/\/fvs-stelltsichvor.de\/wordpress\/wp-json\/wp\/v2\/posts\/7541\/revisions"}],"predecessor-version":[{"id":7544,"href":"https:\/\/fvs-stelltsichvor.de\/wordpress\/wp-json\/wp\/v2\/posts\/7541\/revisions\/7544"}],"wp:featuredmedia":[{"embeddable":true,"href":"https:\/\/fvs-stelltsichvor.de\/wordpress\/wp-json\/wp\/v2\/media\/7545"}],"wp:attachment":[{"href":"https:\/\/fvs-stelltsichvor.de\/wordpress\/wp-json\/wp\/v2\/media?parent=7541"}],"wp:term":[{"taxonomy":"category","embeddable":true,"href":"https:\/\/fvs-stelltsichvor.de\/wordpress\/wp-json\/wp\/v2\/categories?post=7541"},{"taxonomy":"post_tag","embeddable":true,"href":"https:\/\/fvs-stelltsichvor.de\/wordpress\/wp-json\/wp\/v2\/tags?post=7541"}],"curies":[{"name":"wp","href":"https:\/\/api.w.org\/{rel}","templated":true}]}}