{"id":5736,"date":"2022-03-18T09:28:10","date_gmt":"2022-03-18T08:28:10","guid":{"rendered":"http:\/\/freiherr-vom-stein.net\/?p=5736"},"modified":"2022-03-18T09:28:10","modified_gmt":"2022-03-18T08:28:10","slug":"kooperation-mit-helios","status":"publish","type":"post","link":"https:\/\/fvs-stelltsichvor.de\/wordpress\/2022\/03\/18\/kooperation-mit-helios\/","title":{"rendered":"Kooperation mit Helios"},"content":{"rendered":"\n<p>Seit dem 7. M\u00e4rz 2022 kooperiert die Freiherr-vom-Stein Realschule mit den Helios-Kliniken in Krefeld. Im Rahmen dieser Vereinbarung haben Sch\u00fclerinnen und Sch\u00fcler unserer Schule die M\u00f6glichkeit, sich erste Einblicke in die Arbeitswelt zu verschaffen. Dar\u00fcber hinaus k\u00f6nnen die Klinikbesuche mit verschiedenen interaktiven F\u00fchrungen und Aktivit\u00e4ten verkn\u00fcpft werden, welche durch den Leiter des Bildungszentrums, Herrn Rietzler und seinem Team koordiniert werden.<br>In der gemeinsamen Vereinbarung geht es vordergr\u00fcndig darum, die betrieblichen Abl\u00e4ufe, sowie die Einstiegsm\u00f6glichkeiten f\u00fcr die Ausbildung kennenzulernen. Weiterhin haben die Sch\u00fclerinnen und Sch\u00fcler die M\u00f6glichkeit, sich um einen Praktikumsplatz zu bewerben. Wichtige Ziele sind unter anderem, pers\u00f6nliche und soziale Kompetenzen zu st\u00e4rken. Hierzu z\u00e4hlen beispielsweise Teamf\u00e4higkeit, Verantwortungsbereitschaft und Hilfsbereitschaft. Dar\u00fcber hinaus bereichert diese Kooperation das Schulleben und er\u00f6ffnet unseren Sch\u00fclerinnen und Sch\u00fclern Perspektiven. Wir freuen uns auf eine erfolgreiche Zusammenarbeit mit den Helios- Kliniken.<\/p>\n\n\n\n<p><br>Artikel: Reinermann<\/p>\n\n\n\n<p>Anhang \/ Vertrag \u00fcber die Kooperation: <\/p>\n\n\n\n<div data-wp-interactive=\"core\/file\" class=\"wp-block-file\"><object data-wp-bind--hidden=\"!state.hasPdfPreview\" hidden class=\"wp-block-file__embed\" data=\"https:\/\/freiherrvomsteinblog.files.wordpress.com\/2022\/03\/kooperationsvertrag-helios-2022nm.pdf\" type=\"application\/pdf\" style=\"width:100%;height:600px;\" aria-label=\"Einbettung von Einbettung von kooperationsvertrag-helios-2022nm..\"><\/object><a id=\"wp-block-file--media-7f81a53b-d7b0-4634-8375-71c95c29aa93\" href=\"https:\/\/freiherrvomsteinblog.files.wordpress.com\/2022\/03\/kooperationsvertrag-helios-2022nm.pdf\">kooperationsvertrag-helios-2022nm<\/a><a href=\"https:\/\/freiherrvomsteinblog.files.wordpress.com\/2022\/03\/kooperationsvertrag-helios-2022nm.pdf\" class=\"wp-block-file__button\" download aria-describedby=\"wp-block-file--media-7f81a53b-d7b0-4634-8375-71c95c29aa93\">Herunterladen<\/a><\/div>\n","protected":false},"excerpt":{"rendered":"<p>Seit dem 7. M\u00e4rz 2022 kooperiert die Freiherr-vom-Stein Realschule mit den Helios-Kliniken in Krefeld. Im Rahmen dieser Vereinbarung haben Sch\u00fclerinnen und Sch\u00fcler unserer Schule die M\u00f6glichkeit, sich erste Einblicke in die Arbeitswelt zu verschaffen. Dar\u00fcber hinaus k\u00f6nnen die Klinikbesuche mit verschiedenen interaktiven F\u00fchrungen und Aktivit\u00e4ten verkn\u00fcpft werden, welche durch den Leiter des Bildungszentrums, Herrn Rietzler [&hellip;]<\/p>\n","protected":false},"author":1,"featured_media":5737,"comment_status":"closed","ping_status":"open","sticky":false,"template":"","format":"standard","meta":{"footnotes":""},"categories":[6,12,15],"tags":[],"class_list":["post-5736","post","type-post","status-publish","format-standard","has-post-thumbnail","hentry","category-aktuelles","category-ksw","category-projekte"],"jetpack_featured_media_url":"","_links":{"self":[{"href":"https:\/\/fvs-stelltsichvor.de\/wordpress\/wp-json\/wp\/v2\/posts\/5736","targetHints":{"allow":["GET"]}}],"collection":[{"href":"https:\/\/fvs-stelltsichvor.de\/wordpress\/wp-json\/wp\/v2\/posts"}],"about":[{"href":"https:\/\/fvs-stelltsichvor.de\/wordpress\/wp-json\/wp\/v2\/types\/post"}],"author":[{"embeddable":true,"href":"https:\/\/fvs-stelltsichvor.de\/wordpress\/wp-json\/wp\/v2\/users\/1"}],"replies":[{"embeddable":true,"href":"https:\/\/fvs-stelltsichvor.de\/wordpress\/wp-json\/wp\/v2\/comments?post=5736"}],"version-history":[{"count":0,"href":"https:\/\/fvs-stelltsichvor.de\/wordpress\/wp-json\/wp\/v2\/posts\/5736\/revisions"}],"wp:featuredmedia":[{"embeddable":true,"href":"https:\/\/fvs-stelltsichvor.de\/wordpress\/wp-json\/"}],"wp:attachment":[{"href":"https:\/\/fvs-stelltsichvor.de\/wordpress\/wp-json\/wp\/v2\/media?parent=5736"}],"wp:term":[{"taxonomy":"category","embeddable":true,"href":"https:\/\/fvs-stelltsichvor.de\/wordpress\/wp-json\/wp\/v2\/categories?post=5736"},{"taxonomy":"post_tag","embeddable":true,"href":"https:\/\/fvs-stelltsichvor.de\/wordpress\/wp-json\/wp\/v2\/tags?post=5736"}],"curies":[{"name":"wp","href":"https:\/\/api.w.org\/{rel}","templated":true}]}}