{"id":5626,"date":"2021-12-21T17:21:44","date_gmt":"2021-12-21T16:21:44","guid":{"rendered":"https:\/\/freiherr-vom-stein.net\/?p=5626"},"modified":"2021-12-21T17:21:44","modified_gmt":"2021-12-21T16:21:44","slug":"elternbrief-weihnachten","status":"publish","type":"post","link":"https:\/\/fvs-stelltsichvor.de\/wordpress\/2021\/12\/21\/elternbrief-weihnachten\/","title":{"rendered":"Elternbrief Weihnachten"},"content":{"rendered":"\n<p>Liebe Eltern,<\/p>\n\n\n\n<p>h\u00e4tte man mir vor einem Jahr, bei meinen letzten Weihnachts- und Neujahrsw\u00fcnschen gesagt, dass die Corona-Pandemie auch noch am Ende des Jahres 2021 allgegenw\u00e4rtig ist, ich h\u00e4tte es nicht glauben wollen.<br>Mit Ausnahme der Abschlussklassen dauerte es bis ins sp\u00e4te Fr\u00fchjahr, bis auch die \u00fcbrigen Sch\u00fclerinnen und Sch\u00fcler unserer Schule wieder in den Pr\u00e4senzunterricht zur\u00fcckkehren konnten. Auch wenn das digitale Lernen im Laufe der ersten Corona-Wellen immer besser klappte \u2013 unser schulisches Konzept zur Verkn\u00fcpfung von Pr\u00e4senz- und Distanzunterricht fand zwischenzeitlich Anerkennung durch Ver\u00f6ffentlichung als ein beispielhaftes Musterkonzept auf der Internetseite des Schulministeriums \u2013 waren wir doch froh, all unsere Sch\u00fclerinnen und Sch\u00fcler wieder am Lernort Schule begr\u00fc\u00dfen zu k\u00f6nnen.<br>Gleichwohl mussten wir auch in 2021 auf lieb gewonnene Traditionen wie das Osterfr\u00fchst\u00fcck, die Projekttage oder eine tolle Abschlussfeier verzichten. Vielmehr blieb die Mund-Nasen-Bedeckung kontinuierlicher Begleiter und die regelm\u00e4\u00dfigen Selbsttestungen wurden zu einem einge\u00fcbten Ritual, auf das wir gerne hoffentlich irgendwann im Laufe des kommenden Jahres 2022 verzichten k\u00f6nnen.<br>Wie wichtig dies aber auch im Moment ist, zeigen die Zahlen. Seit Beginn der Corona-Pandemie gab es innerhalb unserer Schulgemeinde inzwischen 100 bekannte F\u00e4lle in der Sch\u00fcler- und Lehrerschaft. Weit mehr als 40 Prozent dieser leider positiven Testergebnisse mussten wir dabei seit Ende der Herbstferien verzeichnen, was uns zeigt, dass wir alle uns gemeinsam auch zu Beginn des neuen Jahres an die notwendigen Schutzma\u00dfnahmen halten m\u00fcssen, damit Schule an unseren Standorten in Pr\u00e4senz m\u00f6glich bleibt.<br>Ja, Standorte, haben wir doch seit Beginn des laufenden Schuljahres f\u00fcr unsere Klassen 9 und 10 den neuen Teilstandort an der Hafelsstra\u00dfe. Schneller als erwartet sind wir dort heimisch geworden, auch wenn manche Bereiche zun\u00e4chst nur provisorisch oder noch gar nicht vorhanden waren. Hier haben wir die Hoffnung, dass die dort noch fehlenden Komponenten (z.B. das p\u00e4dagogische Netz) in der ersten H\u00e4lfte des Jahres 2022 geschaffen werden. Ein Dank geht an dieser Stelle auch an die Kolleginnen und Kollegen, die es bewerkstelligen m\u00fcssen, \u00f6fters und in k\u00fcrzester Zeit den Standort zu wechseln.<br>F\u00fcr das kommende Jahr 2022 blicke ich optimistisch in die Zukunft und w\u00fcnsche uns allen ein N\u00e4herr\u00fccken der fr\u00fcheren Normalit\u00e4t, nach der wir uns alle sehnen. Jetzt w\u00fcnsche ich Ihnen und Ihren Familien zun\u00e4chst einmal erholsame Weihnachtstage und einen wirklich guten Start ins neue Jahr. Und bleiben Sie und Ihre Lieben bitte gesund,<\/p>\n\n\n\n<p>Ihr<br>Andr\u00e9 Bartel<\/p>\n","protected":false},"excerpt":{"rendered":"<p>Liebe Eltern, h\u00e4tte man mir vor einem Jahr, bei meinen letzten Weihnachts- und Neujahrsw\u00fcnschen gesagt, dass die Corona-Pandemie auch noch am Ende des Jahres 2021 allgegenw\u00e4rtig ist, ich h\u00e4tte es nicht glauben wollen.Mit Ausnahme der Abschlussklassen dauerte es bis ins sp\u00e4te Fr\u00fchjahr, bis auch die \u00fcbrigen Sch\u00fclerinnen und Sch\u00fcler unserer Schule wieder in den Pr\u00e4senzunterricht [&hellip;]<\/p>\n","protected":false},"author":1,"featured_media":5199,"comment_status":"closed","ping_status":"open","sticky":false,"template":"","format":"standard","meta":{"footnotes":""},"categories":[6,8],"tags":[],"class_list":["post-5626","post","type-post","status-publish","format-standard","has-post-thumbnail","hentry","category-aktuelles","category-corona"],"jetpack_featured_media_url":"","_links":{"self":[{"href":"https:\/\/fvs-stelltsichvor.de\/wordpress\/wp-json\/wp\/v2\/posts\/5626","targetHints":{"allow":["GET"]}}],"collection":[{"href":"https:\/\/fvs-stelltsichvor.de\/wordpress\/wp-json\/wp\/v2\/posts"}],"about":[{"href":"https:\/\/fvs-stelltsichvor.de\/wordpress\/wp-json\/wp\/v2\/types\/post"}],"author":[{"embeddable":true,"href":"https:\/\/fvs-stelltsichvor.de\/wordpress\/wp-json\/wp\/v2\/users\/1"}],"replies":[{"embeddable":true,"href":"https:\/\/fvs-stelltsichvor.de\/wordpress\/wp-json\/wp\/v2\/comments?post=5626"}],"version-history":[{"count":0,"href":"https:\/\/fvs-stelltsichvor.de\/wordpress\/wp-json\/wp\/v2\/posts\/5626\/revisions"}],"wp:featuredmedia":[{"embeddable":true,"href":"https:\/\/fvs-stelltsichvor.de\/wordpress\/wp-json\/"}],"wp:attachment":[{"href":"https:\/\/fvs-stelltsichvor.de\/wordpress\/wp-json\/wp\/v2\/media?parent=5626"}],"wp:term":[{"taxonomy":"category","embeddable":true,"href":"https:\/\/fvs-stelltsichvor.de\/wordpress\/wp-json\/wp\/v2\/categories?post=5626"},{"taxonomy":"post_tag","embeddable":true,"href":"https:\/\/fvs-stelltsichvor.de\/wordpress\/wp-json\/wp\/v2\/tags?post=5626"}],"curies":[{"name":"wp","href":"https:\/\/api.w.org\/{rel}","templated":true}]}}