{"id":5185,"date":"2020-12-13T16:26:26","date_gmt":"2020-12-13T15:26:26","guid":{"rendered":"http:\/\/freiherr-vom-stein.net\/2020\/12\/13\/umgang-mit-klassenarbeit-en\/"},"modified":"2020-12-13T16:26:26","modified_gmt":"2020-12-13T15:26:26","slug":"umgang-mit-klassenarbeit-en","status":"publish","type":"post","link":"https:\/\/fvs-stelltsichvor.de\/wordpress\/2020\/12\/13\/umgang-mit-klassenarbeit-en\/","title":{"rendered":"Umgang mit Klassenarbeiten"},"content":{"rendered":"\n<p>Liebe Eltern,<br>heute ver\u00f6ffentlichen wir auf unserer Homepage lediglich die von den Lehrerinnen und Lehrern f\u00fcr Montag benannten Klassenarbeitstermine. Bitte haben Sie Verst\u00e4ndnis daf\u00fcr, dass wir f\u00fcr das weitere Vorgehen mit den geplanten Klassenarbeiten erst nach einer f\u00fcr Montag geplanten R\u00fccksprache mit der Bezirksregierung hier weitere Informationen am Montagnachmittag liefen k\u00f6nnen.<br>Mit freundlichen Gr\u00fc\u00dfen<br>Andr\u00e9 Bartel<br>Schulleiter<\/p>\n\n\n\n<figure class=\"wp-block-image size-large\"><img decoding=\"async\" src=\"https:\/\/freiherrvomsteinblog.files.wordpress.com\/2020\/12\/screenshot_20201213_162604.jpg?w=1024\" alt=\"\" class=\"wp-image-5184\" \/><\/figure>\n","protected":false},"excerpt":{"rendered":"<p>Liebe Eltern,heute ver\u00f6ffentlichen wir auf unserer Homepage lediglich die von den Lehrerinnen und Lehrern f\u00fcr Montag benannten Klassenarbeitstermine. Bitte haben Sie Verst\u00e4ndnis daf\u00fcr, dass wir f\u00fcr das weitere Vorgehen mit den geplanten Klassenarbeiten erst nach einer f\u00fcr Montag geplanten R\u00fccksprache mit der Bezirksregierung hier weitere Informationen am Montagnachmittag liefen k\u00f6nnen.Mit freundlichen Gr\u00fc\u00dfenAndr\u00e9 BartelSchulleiter<\/p>\n","protected":false},"author":1,"featured_media":4187,"comment_status":"closed","ping_status":"open","sticky":false,"template":"","format":"standard","meta":{"footnotes":""},"categories":[1],"tags":[],"class_list":["post-5185","post","type-post","status-publish","format-standard","has-post-thumbnail","hentry","category-allgemein"],"jetpack_featured_media_url":"","_links":{"self":[{"href":"https:\/\/fvs-stelltsichvor.de\/wordpress\/wp-json\/wp\/v2\/posts\/5185","targetHints":{"allow":["GET"]}}],"collection":[{"href":"https:\/\/fvs-stelltsichvor.de\/wordpress\/wp-json\/wp\/v2\/posts"}],"about":[{"href":"https:\/\/fvs-stelltsichvor.de\/wordpress\/wp-json\/wp\/v2\/types\/post"}],"author":[{"embeddable":true,"href":"https:\/\/fvs-stelltsichvor.de\/wordpress\/wp-json\/wp\/v2\/users\/1"}],"replies":[{"embeddable":true,"href":"https:\/\/fvs-stelltsichvor.de\/wordpress\/wp-json\/wp\/v2\/comments?post=5185"}],"version-history":[{"count":0,"href":"https:\/\/fvs-stelltsichvor.de\/wordpress\/wp-json\/wp\/v2\/posts\/5185\/revisions"}],"wp:featuredmedia":[{"embeddable":true,"href":"https:\/\/fvs-stelltsichvor.de\/wordpress\/wp-json\/"}],"wp:attachment":[{"href":"https:\/\/fvs-stelltsichvor.de\/wordpress\/wp-json\/wp\/v2\/media?parent=5185"}],"wp:term":[{"taxonomy":"category","embeddable":true,"href":"https:\/\/fvs-stelltsichvor.de\/wordpress\/wp-json\/wp\/v2\/categories?post=5185"},{"taxonomy":"post_tag","embeddable":true,"href":"https:\/\/fvs-stelltsichvor.de\/wordpress\/wp-json\/wp\/v2\/tags?post=5185"}],"curies":[{"name":"wp","href":"https:\/\/api.w.org\/{rel}","templated":true}]}}