{"id":4934,"date":"2020-06-13T10:26:24","date_gmt":"2020-06-13T08:26:24","guid":{"rendered":"http:\/\/freiherr-vom-stein.net\/?p=4934"},"modified":"2020-06-13T10:26:24","modified_gmt":"2020-06-13T08:26:24","slug":"abschluss-in-zeiten-von-corona","status":"publish","type":"post","link":"https:\/\/fvs-stelltsichvor.de\/wordpress\/2020\/06\/13\/abschluss-in-zeiten-von-corona\/","title":{"rendered":"Abschluss in Zeiten von Corona"},"content":{"rendered":"\n<p>Corona ver\u00e4ndert alles. So traf es dieses Jahr auch den Abschluss unserer 10. Klassen, der ohne Eltern, Freunde oder Verwandte der Sch\u00fclerinnen und Sch\u00fcler stattfinden musste. Unter Einhaltung der Hygiene-Regeln wurden die Klassen nach und nach in die Aula bestellt, um die begehrten Zeugnisse hinter einer Plexiglasscheibe entgegen zu nehmen. Dass die Abschlussfeiern der einzelnen Klassen allen Widrigkeiten zum Trotz einen feierlichen und sch\u00f6nen Rahmen bekamen, ist besonders der Organisation der Klassenlehrerinnen Frau Schlo\u00dfnikl (10a), Frau Mzyczek (10b), Frau Kunz-Petereit (10c) und Frau Vehring (10d) zu verdanken. Ihre Reden, die von Schulleiter Herrn Bartel und auch die der Klassensprecherinnen und Klassensprechern lie\u00dfen die letzten sechs Schuljahre Revue passieren und sorgten so f\u00fcr ein L\u00e4cheln und gute Laune, so dass am Ende die Meinung \u00fcberwog, dass es &#8211; trotz Corona &#8211; ein sch\u00f6ner Abschluss gewesen war. Wir w\u00fcnschen allen Sch\u00fclerinnen und Sch\u00fclern alles Gute f\u00fcr ihren weiteren Werdegang! <\/p>\n\n\n\n<figure class=\"wp-block-gallery columns-3 is-cropped wp-block-gallery-1 is-layout-flex wp-block-gallery-is-layout-flex\"><ul class=\"blocks-gallery-grid\"><li class=\"blocks-gallery-item\"><figure><img decoding=\"async\" src=\"https:\/\/freiherrvomsteinblog.files.wordpress.com\/2020\/06\/dsc_0158.jpg?w=1024\" alt=\"\" data-id=\"4936\" data-link=\"https:\/\/freiherr-vom-stein.net\/dsc_0158\/\" class=\"wp-image-4936\" \/><\/figure><\/li><li class=\"blocks-gallery-item\"><figure><img decoding=\"async\" src=\"https:\/\/freiherrvomsteinblog.files.wordpress.com\/2020\/06\/dsc_0172.jpg?w=1024\" alt=\"\" data-id=\"4947\" data-link=\"https:\/\/freiherr-vom-stein.net\/dsc_0172-2\/\" class=\"wp-image-4947\" \/><\/figure><\/li><li class=\"blocks-gallery-item\"><figure><img decoding=\"async\" src=\"https:\/\/freiherrvomsteinblog.files.wordpress.com\/2020\/06\/dsc_0368.jpg?w=1024\" alt=\"\" data-id=\"4938\" data-link=\"https:\/\/freiherr-vom-stein.net\/dsc_0368\/\" class=\"wp-image-4938\" \/><\/figure><\/li><li class=\"blocks-gallery-item\"><figure><img decoding=\"async\" src=\"https:\/\/freiherrvomsteinblog.files.wordpress.com\/2020\/06\/dsc_0375.jpg?w=1024\" alt=\"\" data-id=\"4939\" data-link=\"https:\/\/freiherr-vom-stein.net\/dsc_0375\/\" class=\"wp-image-4939\" \/><\/figure><\/li><li class=\"blocks-gallery-item\"><figure><img decoding=\"async\" src=\"https:\/\/freiherrvomsteinblog.files.wordpress.com\/2020\/06\/dsc_0378.jpg?w=1024\" alt=\"\" data-id=\"4940\" data-link=\"https:\/\/freiherr-vom-stein.net\/dsc_0378\/\" class=\"wp-image-4940\" \/><\/figure><\/li><li class=\"blocks-gallery-item\"><figure><img decoding=\"async\" src=\"https:\/\/freiherrvomsteinblog.files.wordpress.com\/2020\/06\/dsc_0381.jpg?w=1024\" alt=\"\" data-id=\"4941\" data-link=\"https:\/\/freiherr-vom-stein.net\/dsc_0381\/\" class=\"wp-image-4941\" \/><\/figure><\/li><\/ul><\/figure>\n\n\n\n<p>Unser Dank gilt auch Herrn Elmansouri f\u00fcr die Bedienung der Aula-Technik.<\/p>\n\n\n\n<p>Artikel: Hagemann<\/p>\n","protected":false},"excerpt":{"rendered":"<p>Corona ver\u00e4ndert alles. So traf es dieses Jahr auch den Abschluss unserer 10. Klassen, der ohne Eltern, Freunde oder Verwandte der Sch\u00fclerinnen und Sch\u00fcler stattfinden musste. Unter Einhaltung der Hygiene-Regeln wurden die Klassen nach und nach in die Aula bestellt, um die begehrten Zeugnisse hinter einer Plexiglasscheibe entgegen zu nehmen. Dass die Abschlussfeiern der einzelnen [&hellip;]<\/p>\n","protected":false},"author":1,"featured_media":4942,"comment_status":"closed","ping_status":"open","sticky":false,"template":"","format":"standard","meta":{"footnotes":""},"categories":[4,6,8],"tags":[],"class_list":["post-4934","post","type-post","status-publish","format-standard","has-post-thumbnail","hentry","category-abschluss","category-aktuelles","category-corona"],"jetpack_featured_media_url":"","_links":{"self":[{"href":"https:\/\/fvs-stelltsichvor.de\/wordpress\/wp-json\/wp\/v2\/posts\/4934","targetHints":{"allow":["GET"]}}],"collection":[{"href":"https:\/\/fvs-stelltsichvor.de\/wordpress\/wp-json\/wp\/v2\/posts"}],"about":[{"href":"https:\/\/fvs-stelltsichvor.de\/wordpress\/wp-json\/wp\/v2\/types\/post"}],"author":[{"embeddable":true,"href":"https:\/\/fvs-stelltsichvor.de\/wordpress\/wp-json\/wp\/v2\/users\/1"}],"replies":[{"embeddable":true,"href":"https:\/\/fvs-stelltsichvor.de\/wordpress\/wp-json\/wp\/v2\/comments?post=4934"}],"version-history":[{"count":0,"href":"https:\/\/fvs-stelltsichvor.de\/wordpress\/wp-json\/wp\/v2\/posts\/4934\/revisions"}],"wp:featuredmedia":[{"embeddable":true,"href":"https:\/\/fvs-stelltsichvor.de\/wordpress\/wp-json\/"}],"wp:attachment":[{"href":"https:\/\/fvs-stelltsichvor.de\/wordpress\/wp-json\/wp\/v2\/media?parent=4934"}],"wp:term":[{"taxonomy":"category","embeddable":true,"href":"https:\/\/fvs-stelltsichvor.de\/wordpress\/wp-json\/wp\/v2\/categories?post=4934"},{"taxonomy":"post_tag","embeddable":true,"href":"https:\/\/fvs-stelltsichvor.de\/wordpress\/wp-json\/wp\/v2\/tags?post=4934"}],"curies":[{"name":"wp","href":"https:\/\/api.w.org\/{rel}","templated":true}]}}