{"id":4534,"date":"2020-05-15T13:26:41","date_gmt":"2020-05-15T11:26:41","guid":{"rendered":"http:\/\/freiherr-vom-stein.net\/?p=4534"},"modified":"2020-05-15T13:26:41","modified_gmt":"2020-05-15T11:26:41","slug":"stundenplan-fur-die-woche-vom-18-22-5-2020","status":"publish","type":"post","link":"https:\/\/fvs-stelltsichvor.de\/wordpress\/2020\/05\/15\/stundenplan-fur-die-woche-vom-18-22-5-2020\/","title":{"rendered":"Stundenplan f\u00fcr die Woche vom 18.-22.5.2020"},"content":{"rendered":"\n<p>Liebe Eltern,<\/p>\n\n\n\n<p>Liebe Sch\u00fclerinnen und Sch\u00fcler,<\/p>\n\n\n\n<p>hier erhalten Sie den Stundenplan f\u00fcr die Woche vom 18.-22.5.2020 zum Download:<\/p>\n\n\n\n<div class=\"wp-block-file\"><a href=\"https:\/\/freiherrvomsteinblog.files.wordpress.com\/2020\/05\/plan20200518-20200520.pdf\">plan20200518-20200520<\/a><a href=\"https:\/\/freiherrvomsteinblog.files.wordpress.com\/2020\/05\/plan20200518-20200520.pdf\" class=\"wp-block-file__button\" download>Herunterladen<\/a><\/div>\n\n\n\n<p>Kurzinfo: In der Woche befinden sich die Jahrgangsstufen 7, 8 und 10 in der Schule.<\/p>\n","protected":false},"excerpt":{"rendered":"<p>Liebe Eltern, Liebe Sch\u00fclerinnen und Sch\u00fcler, hier erhalten Sie den Stundenplan f\u00fcr die Woche vom 18.-22.5.2020 zum Download: Kurzinfo: In der Woche befinden sich die Jahrgangsstufen 7, 8 und 10 in der Schule.<\/p>\n","protected":false},"author":1,"featured_media":4127,"comment_status":"closed","ping_status":"open","sticky":false,"template":"","format":"standard","meta":{"footnotes":""},"categories":[6,8],"tags":[],"class_list":["post-4534","post","type-post","status-publish","format-standard","has-post-thumbnail","hentry","category-aktuelles","category-corona"],"jetpack_featured_media_url":"","_links":{"self":[{"href":"https:\/\/fvs-stelltsichvor.de\/wordpress\/wp-json\/wp\/v2\/posts\/4534","targetHints":{"allow":["GET"]}}],"collection":[{"href":"https:\/\/fvs-stelltsichvor.de\/wordpress\/wp-json\/wp\/v2\/posts"}],"about":[{"href":"https:\/\/fvs-stelltsichvor.de\/wordpress\/wp-json\/wp\/v2\/types\/post"}],"author":[{"embeddable":true,"href":"https:\/\/fvs-stelltsichvor.de\/wordpress\/wp-json\/wp\/v2\/users\/1"}],"replies":[{"embeddable":true,"href":"https:\/\/fvs-stelltsichvor.de\/wordpress\/wp-json\/wp\/v2\/comments?post=4534"}],"version-history":[{"count":0,"href":"https:\/\/fvs-stelltsichvor.de\/wordpress\/wp-json\/wp\/v2\/posts\/4534\/revisions"}],"wp:featuredmedia":[{"embeddable":true,"href":"https:\/\/fvs-stelltsichvor.de\/wordpress\/wp-json\/"}],"wp:attachment":[{"href":"https:\/\/fvs-stelltsichvor.de\/wordpress\/wp-json\/wp\/v2\/media?parent=4534"}],"wp:term":[{"taxonomy":"category","embeddable":true,"href":"https:\/\/fvs-stelltsichvor.de\/wordpress\/wp-json\/wp\/v2\/categories?post=4534"},{"taxonomy":"post_tag","embeddable":true,"href":"https:\/\/fvs-stelltsichvor.de\/wordpress\/wp-json\/wp\/v2\/tags?post=4534"}],"curies":[{"name":"wp","href":"https:\/\/api.w.org\/{rel}","templated":true}]}}