{"id":451,"date":"2016-03-10T21:57:13","date_gmt":"2016-03-10T19:57:13","guid":{"rendered":"http:\/\/freiherr-vom-stein.net\/?p=451"},"modified":"2016-03-10T21:57:13","modified_gmt":"2016-03-10T19:57:13","slug":"besuch-des-werkssanitaetsdienstes-und-der-feuerwache-des-kooperationspartners-evonik","status":"publish","type":"post","link":"https:\/\/fvs-stelltsichvor.de\/wordpress\/2016\/03\/10\/besuch-des-werkssanitaetsdienstes-und-der-feuerwache-des-kooperationspartners-evonik\/","title":{"rendered":"Besuch des Werkssanit\u00e4tsdienstes und der Feuerwache des  Kooperationspartners EVONIK"},"content":{"rendered":"<p><strong>Wieder ein erfolgreiches KSW- Projekt mit unserem Kooperationspartner EVONIK industries.<\/strong><\/p>\n<p><img loading=\"lazy\" decoding=\"async\" class=\"alignnone size-full wp-image-453\" src=\"https:\/\/freiherrvomsteinblog.files.wordpress.com\/2017\/08\/schulsani1.jpg\" alt=\"schulsani1\" width=\"700\" height=\"523\" \/><\/p>\n<p>Ein besonderes Highlight zum Abschluss der Schulsanit\u00e4terausbildung an der Freiherr-vom-Stein Realschule war der Besuch des Werkssanit\u00e4tsdienstes und der Feuerwache des Kooperationspartners EVONIK am 9. Juni 2016.<br \/>\nIn diesem Jahr f\u00fchrte uns Herr Jan K\u00f6ppen (Leiter Brandschutz\/ Betriebssanit\u00e4ter) die Feuerwehrfahrzeuge und den Rettungswagen vor.<\/p>\n<p><img loading=\"lazy\" decoding=\"async\" class=\"alignnone size-full wp-image-454\" src=\"https:\/\/freiherrvomsteinblog.files.wordpress.com\/2017\/08\/schulsani2.jpg\" alt=\"schulsani2\" width=\"700\" height=\"523\" \/>In einer Praxis\u00fcbung wurde uns gezeigt, wie eine Herz-Lungen-Wiederbelebung und Reanimation durchgef\u00fchrt wird.<\/p>\n<p><img loading=\"lazy\" decoding=\"async\" class=\"alignnone size-full wp-image-455\" src=\"https:\/\/freiherrvomsteinblog.files.wordpress.com\/2017\/08\/schulsani3.jpg\" alt=\"schulsani3\" width=\"700\" height=\"523\" \/><\/p>\n<p>Die Sch\u00fclerinnen und Sch\u00fcler des Schulsanikurses (Jahrgang 10), Frau Heuck (Ausbildungslehrerin f\u00fcr die Schulsanit\u00e4terinnen und -santit\u00e4ter) und Frau Reinelt (Koordinatoren der KSW-Projekte) verlie\u00dfen nach \u00fcber 2 Stunden Begehung begeistert das Firmengel\u00e4nde. So viele neue Eindr\u00fccke aus der Arbeitswelt der Betriebssanit\u00e4ter und Betriebsfeuerwehrm\u00e4nner haben alle tief beeindruckt.<br \/>\nWir bedanken uns sehr f\u00fcr die freundliche Betreuung durch Herrn K\u00f6ppen.<\/p>\n","protected":false},"excerpt":{"rendered":"<p>Wieder ein erfolgreiches KSW- Projekt mit unserem Kooperationspartner EVONIK industries. Ein besonderes Highlight zum Abschluss der Schulsanit\u00e4terausbildung an der Freiherr-vom-Stein Realschule war der Besuch des Werkssanit\u00e4tsdienstes und der Feuerwache des Kooperationspartners EVONIK am 9. Juni 2016. In diesem Jahr f\u00fchrte uns Herr Jan K\u00f6ppen (Leiter Brandschutz\/ Betriebssanit\u00e4ter) die Feuerwehrfahrzeuge und den Rettungswagen vor. In einer [&hellip;]<\/p>\n","protected":false},"author":1,"featured_media":0,"comment_status":"closed","ping_status":"closed","sticky":false,"template":"","format":"standard","meta":{"footnotes":""},"categories":[12,18],"tags":[],"class_list":["post-451","post","type-post","status-publish","format-standard","hentry","category-ksw","category-schulsanitaeter"],"jetpack_featured_media_url":"","_links":{"self":[{"href":"https:\/\/fvs-stelltsichvor.de\/wordpress\/wp-json\/wp\/v2\/posts\/451","targetHints":{"allow":["GET"]}}],"collection":[{"href":"https:\/\/fvs-stelltsichvor.de\/wordpress\/wp-json\/wp\/v2\/posts"}],"about":[{"href":"https:\/\/fvs-stelltsichvor.de\/wordpress\/wp-json\/wp\/v2\/types\/post"}],"author":[{"embeddable":true,"href":"https:\/\/fvs-stelltsichvor.de\/wordpress\/wp-json\/wp\/v2\/users\/1"}],"replies":[{"embeddable":true,"href":"https:\/\/fvs-stelltsichvor.de\/wordpress\/wp-json\/wp\/v2\/comments?post=451"}],"version-history":[{"count":0,"href":"https:\/\/fvs-stelltsichvor.de\/wordpress\/wp-json\/wp\/v2\/posts\/451\/revisions"}],"wp:attachment":[{"href":"https:\/\/fvs-stelltsichvor.de\/wordpress\/wp-json\/wp\/v2\/media?parent=451"}],"wp:term":[{"taxonomy":"category","embeddable":true,"href":"https:\/\/fvs-stelltsichvor.de\/wordpress\/wp-json\/wp\/v2\/categories?post=451"},{"taxonomy":"post_tag","embeddable":true,"href":"https:\/\/fvs-stelltsichvor.de\/wordpress\/wp-json\/wp\/v2\/tags?post=451"}],"curies":[{"name":"wp","href":"https:\/\/api.w.org\/{rel}","templated":true}]}}