{"id":4326,"date":"2020-05-11T14:45:18","date_gmt":"2020-05-11T12:45:18","guid":{"rendered":"http:\/\/freiherr-vom-stein.net\/?p=4326"},"modified":"2020-05-11T14:45:18","modified_gmt":"2020-05-11T12:45:18","slug":"evaluation-des-neuen-klassen-kurssystems","status":"publish","type":"post","link":"https:\/\/fvs-stelltsichvor.de\/wordpress\/2020\/05\/11\/evaluation-des-neuen-klassen-kurssystems\/","title":{"rendered":"Evaluation des neuen Klassen-\/Kurssystems"},"content":{"rendered":"\n<p>Liebe Eltern, Liebe Sch\u00fclerinnen und Sch\u00fcler,<\/p>\n\n\n\n<p>f\u00fcr das kommende Schuljahr m\u00f6chten wir eine Umfrage zum Thema \u201eKlassen- \/ Kurssystem\u201c durchf\u00fchren und haben daf\u00fcr einen Fragebogen erstellt. Dieser bezieht sich auf das neue Kurssystem im Klassenverband in den Jahrgangsstufen 7 und 8. Genau dieses neue System soll evaluiert werden, d.h. wir m\u00f6chten \u00fcberpr\u00fcfen, ob dieses positiv von Lehrern, Sch\u00fclern und Eltern wahrgenommen wird.<\/p>\n\n\n\n<p>Befragt werden dazu die Eltern und\/oder Erziehungsberechtigte der Jahrgangsstufen 6, 7 und 8, sowie Sch\u00fclerinnen und Sch\u00fcler der Jahrgangsstufen 7 und 8. Bitte beachten Sie, dass es drei verschiedene Umfragen gibt. Bitte f\u00fcllen Sie nur die f\u00fcr sie zutreffende Umfrage aus. <\/p>\n\n\n\n<p>Eltern und\/oder Erziehungsberechtigte der aktuellen Jahrgangsstufen 7 oder 8 benutzen bitte diesen Link zur Abstimmung:<\/p>\n\n\n\n<p>https:\/\/t1p.de\/fvse<\/p>\n\n\n\n<p>Eltern und\/oder Erziehungsberechtigte der aktuellen Jahrgangsstufe 6 benutzen bitte diesen Link zur Abstimmung:<\/p>\n\n\n\n<p>https:\/\/t1p.de\/fvs6<\/p>\n\n\n\n<p>Sch\u00fclerinnen und Sch\u00fcler der aktuellen Jahrgangsstufen 7 oder 8 benutzen bitte diesen Link zur Abstimmung: <\/p>\n\n\n\n<p>https:\/\/t1p.de\/fvsS<\/p>\n\n\n\n<p>Vielen Dank f\u00fcr Ihre Teilnahme an der Evaluation. <\/p>\n\n\n\n<p><\/p>\n","protected":false},"excerpt":{"rendered":"<p>Liebe Eltern, Liebe Sch\u00fclerinnen und Sch\u00fcler, f\u00fcr das kommende Schuljahr m\u00f6chten wir eine Umfrage zum Thema \u201eKlassen- \/ Kurssystem\u201c durchf\u00fchren und haben daf\u00fcr einen Fragebogen erstellt. Dieser bezieht sich auf das neue Kurssystem im Klassenverband in den Jahrgangsstufen 7 und 8. Genau dieses neue System soll evaluiert werden, d.h. wir m\u00f6chten \u00fcberpr\u00fcfen, ob dieses positiv [&hellip;]<\/p>\n","protected":false},"author":1,"featured_media":4335,"comment_status":"closed","ping_status":"open","sticky":false,"template":"","format":"standard","meta":{"footnotes":""},"categories":[6,1],"tags":[],"class_list":["post-4326","post","type-post","status-publish","format-standard","has-post-thumbnail","hentry","category-aktuelles","category-allgemein"],"jetpack_featured_media_url":"","_links":{"self":[{"href":"https:\/\/fvs-stelltsichvor.de\/wordpress\/wp-json\/wp\/v2\/posts\/4326","targetHints":{"allow":["GET"]}}],"collection":[{"href":"https:\/\/fvs-stelltsichvor.de\/wordpress\/wp-json\/wp\/v2\/posts"}],"about":[{"href":"https:\/\/fvs-stelltsichvor.de\/wordpress\/wp-json\/wp\/v2\/types\/post"}],"author":[{"embeddable":true,"href":"https:\/\/fvs-stelltsichvor.de\/wordpress\/wp-json\/wp\/v2\/users\/1"}],"replies":[{"embeddable":true,"href":"https:\/\/fvs-stelltsichvor.de\/wordpress\/wp-json\/wp\/v2\/comments?post=4326"}],"version-history":[{"count":0,"href":"https:\/\/fvs-stelltsichvor.de\/wordpress\/wp-json\/wp\/v2\/posts\/4326\/revisions"}],"wp:featuredmedia":[{"embeddable":true,"href":"https:\/\/fvs-stelltsichvor.de\/wordpress\/wp-json\/"}],"wp:attachment":[{"href":"https:\/\/fvs-stelltsichvor.de\/wordpress\/wp-json\/wp\/v2\/media?parent=4326"}],"wp:term":[{"taxonomy":"category","embeddable":true,"href":"https:\/\/fvs-stelltsichvor.de\/wordpress\/wp-json\/wp\/v2\/categories?post=4326"},{"taxonomy":"post_tag","embeddable":true,"href":"https:\/\/fvs-stelltsichvor.de\/wordpress\/wp-json\/wp\/v2\/tags?post=4326"}],"curies":[{"name":"wp","href":"https:\/\/api.w.org\/{rel}","templated":true}]}}