{"id":2378,"date":"2018-04-18T08:00:28","date_gmt":"2018-04-18T06:00:28","guid":{"rendered":"http:\/\/freiherr-vom-stein.net\/?p=991"},"modified":"2018-04-18T08:00:28","modified_gmt":"2018-04-18T06:00:28","slug":"bitte-um-unterstuetzung-sparda-spendenwahl-2018","status":"publish","type":"post","link":"https:\/\/fvs-stelltsichvor.de\/wordpress\/2018\/04\/18\/bitte-um-unterstuetzung-sparda-spendenwahl-2018\/","title":{"rendered":"Bitte um Unterst\u00fctzung: Sparda Spendenwahl 2018"},"content":{"rendered":"<div id=\"fragebogen-BeidiesemSchulprojektwerdenunsereSchlerinnenundSchlerkreativ\" class=\"fragebogen sauber\">\n<div id=\"BeidiesemSchulprojektwerdenunsereSchlerinnenundSchlerkreativ\">\n<p>Liebe Eltern, Sch\u00fclerinnen und Sch\u00fcler und Freunde unserer Schule, wir haben uns auch in diesem Jahr bei der Spardabank bei einem Wettbewerb beworben. Dieses Mal steht die Spendenwahl unter dem Motto \u201eWir lassen der Kreativit\u00e4t freien Lauf!\u201c<\/p>\n<p>Unsere Schule tritt dazu mit folgendem Projekt an:<\/p>\n<blockquote><p>\u201eFreiherr goes Pop\u201c und \u201eDer gelbe Wahnsinn\u201c \u2013 Wir versch\u00f6nern unsere Schule<\/p>\n<p>Die Sch\u00fclerinnen und Sch\u00fcler der Freiherr-vom-Stein Realschule \u00e4u\u00dferten mehrfach den Wusch, die Aula sowie die Flure unserer Schule umzugestalten. Sie stimmten \u00fcber bestimmte Themenbereiche ab. Die Wahl fiel einstimmig auf die Themen \u201eFreiherr goes Pop \u2013 Pop Art nach Roy Lichtenstein\u201c und \u201eDie farbenfrohe und lustige Welt der Minions\u201c.<br \/>\nDie Arbeitsgemeinschaft Kunst im Jahrgang 10 (2016\/2017) unter Leitung von Frau Rozek nahm sich im Rahmen der Arbeitsgemeinschaft dieser Projekte an und gestaltete einige Schulflure mit Werken nach Roy Lichtenstein, sowie die Aula ganz im Zeichen des gelben Wahnsinns um. Seit dem Schuljahr 2017\/2018 verzieren nun die Pop Art und farbenfrohen \u201eMinions\u201c unsere Schulflure wie die Schulaula.<\/p>\n<p><img loading=\"lazy\" decoding=\"async\" class=\"alignnone size-full wp-image-993\" src=\"https:\/\/freiherrvomsteinblog.files.wordpress.com\/2018\/04\/20180322_131913.jpg\" alt=\"20180322_131913\" width=\"2320\" height=\"4128\" \/><\/p>\n<p><img loading=\"lazy\" decoding=\"async\" class=\"alignnone size-full wp-image-995\" src=\"https:\/\/freiherrvomsteinblog.files.wordpress.com\/2018\/04\/20180322_1319331.jpg\" alt=\"20180322_131933\" width=\"4128\" height=\"2322\" \/><\/p><\/blockquote>\n<p>Wenn wir unter den ersten 50 Pl\u00e4tzen landen, bekommen wir 1000\u20ac. F\u00fcr den ersten Platz gibt es sogar 6000\u20ac! Mit diesem Geld w\u00fcrden wir die kreative Versch\u00f6nerung beim Schulhof fortsetzen. Wieder werden alle selbst t\u00e4tig und kreativ mit einbezogen.<\/p>\n<p><strong>Mit Ihrer Hilfe haben wir vielleicht Gl\u00fcck und gewinnen. Machen Sie bitte mit und stimmen Sie f\u00fcr unsere Schule!<\/strong><br \/>\n<strong>Die Abstimmung f\u00fcr unser Schulprojekt geht in drei einfachen Schritten:<\/strong><\/p>\n<p><strong>1. Link anklicken.<\/strong><br \/>\n<strong>2. Handynummer eingeben.\u00b9 <\/strong><br \/>\n<strong>3. Die 3 Codes f\u00fcr unsere Schule einsetzen.<\/strong><\/p>\n<p>Link: https:\/\/www.spardaspendenwahl.de\/profile\/freiherr-vom-stein-schule-krefeld\/<\/p>\n<p>Die Abstimmung l\u00e4uft bis zum 17. Mai 2018 um 18 Uhr.<\/p>\n<p>\u00b9 Die Spardabank verwendet ihre Nummer nicht zu Werbezwecken und gibt sie auch nicht an Dritte weiter!<\/p>\n<p>&nbsp;<\/p>\n<\/div>\n<\/div>\n","protected":false},"excerpt":{"rendered":"<p>Liebe Eltern, Sch\u00fclerinnen und Sch\u00fcler und Freunde unserer Schule, wir haben uns auch in diesem Jahr bei der Spardabank bei einem Wettbewerb beworben. Dieses Mal steht die Spendenwahl unter dem Motto \u201eWir lassen der Kreativit\u00e4t freien Lauf!\u201c Unsere Schule tritt dazu mit folgendem Projekt an: \u201eFreiherr goes Pop\u201c und \u201eDer gelbe Wahnsinn\u201c \u2013 Wir versch\u00f6nern [&hellip;]<\/p>\n","protected":false},"author":1,"featured_media":992,"comment_status":"closed","ping_status":"open","sticky":false,"template":"","format":"standard","meta":{"footnotes":""},"categories":[1],"tags":[],"class_list":["post-2378","post","type-post","status-publish","format-standard","has-post-thumbnail","hentry","category-allgemein"],"jetpack_featured_media_url":"","_links":{"self":[{"href":"https:\/\/fvs-stelltsichvor.de\/wordpress\/wp-json\/wp\/v2\/posts\/2378","targetHints":{"allow":["GET"]}}],"collection":[{"href":"https:\/\/fvs-stelltsichvor.de\/wordpress\/wp-json\/wp\/v2\/posts"}],"about":[{"href":"https:\/\/fvs-stelltsichvor.de\/wordpress\/wp-json\/wp\/v2\/types\/post"}],"author":[{"embeddable":true,"href":"https:\/\/fvs-stelltsichvor.de\/wordpress\/wp-json\/wp\/v2\/users\/1"}],"replies":[{"embeddable":true,"href":"https:\/\/fvs-stelltsichvor.de\/wordpress\/wp-json\/wp\/v2\/comments?post=2378"}],"version-history":[{"count":0,"href":"https:\/\/fvs-stelltsichvor.de\/wordpress\/wp-json\/wp\/v2\/posts\/2378\/revisions"}],"wp:featuredmedia":[{"embeddable":true,"href":"https:\/\/fvs-stelltsichvor.de\/wordpress\/wp-json\/"}],"wp:attachment":[{"href":"https:\/\/fvs-stelltsichvor.de\/wordpress\/wp-json\/wp\/v2\/media?parent=2378"}],"wp:term":[{"taxonomy":"category","embeddable":true,"href":"https:\/\/fvs-stelltsichvor.de\/wordpress\/wp-json\/wp\/v2\/categories?post=2378"},{"taxonomy":"post_tag","embeddable":true,"href":"https:\/\/fvs-stelltsichvor.de\/wordpress\/wp-json\/wp\/v2\/tags?post=2378"}],"curies":[{"name":"wp","href":"https:\/\/api.w.org\/{rel}","templated":true}]}}