{"id":1956,"date":"2019-09-09T14:23:47","date_gmt":"2019-09-09T12:23:47","guid":{"rendered":"http:\/\/freiherr-vom-stein.net\/?p=1956"},"modified":"2019-09-09T14:23:47","modified_gmt":"2019-09-09T12:23:47","slug":"klingendes-klassenzimmer-bei-fischeln-open","status":"publish","type":"post","link":"https:\/\/fvs-stelltsichvor.de\/wordpress\/2019\/09\/09\/klingendes-klassenzimmer-bei-fischeln-open\/","title":{"rendered":"Klingendes Klassenzimmer bei Fischeln Open"},"content":{"rendered":"\n<p>Die Musikklasse 6a gab am Sonntag, den 8.9.2019 ihr Deb\u00fct bei  Fischeln Open. Auch die Musik AG konnte die Arbeit aus dem Unterricht  vorstellen.<\/p>\n\n\n\n<p>Traditionell er\u00f6ffnet die  Freiherr-vom-Stein-Schule seit 2010 Fischeln Open auf der Volksbankb\u00fchne. Auch dieses Jahr stellte Herr Gr\u00e4tz einmal mehr unter Beweis, in welch kurzer Zeit er  mit Sch\u00fclerinnen und Sch\u00fclern, die oftmals keinerlei instrumentale  Vorerfahrung besitzen, ein nennenswertes und vor allem <em>h\u00f6renswertes<\/em> Programm zusammenstellen kann. So spielte das klingende Klassenzimmer dieses Mal unter anderem <em>Satin<\/em> <em>Latin<\/em>, ein St\u00fcck aus Pippi Langstrumpf oder <em>Oh when the Saints<\/em>. Gl\u00fcck in Ungl\u00fcck hatte man dieses Jahr mit dem Wetter, w\u00e4hrend es mittags in Fischeln in Str\u00f6men regnete, war es bei Auftritt unserer Musiker gl\u00fccklicherweise noch trocken.<\/p>\n\n\n\n<p>Artikel: Hagemann <\/p>\n\n\n\n<figure class=\"wp-block-image size-large\"><img decoding=\"async\" src=\"https:\/\/freiherrvomsteinblog.files.wordpress.com\/2019\/09\/k20190908_110442.jpg?w=1024\" alt=\"\" class=\"wp-image-1959\" \/><\/figure>\n\n\n\n<p><\/p>\n","protected":false},"excerpt":{"rendered":"<p>Die Musikklasse 6a gab am Sonntag, den 8.9.2019 ihr Deb\u00fct bei Fischeln Open. Auch die Musik AG konnte die Arbeit aus dem Unterricht vorstellen. Traditionell er\u00f6ffnet die Freiherr-vom-Stein-Schule seit 2010 Fischeln Open auf der Volksbankb\u00fchne. Auch dieses Jahr stellte Herr Gr\u00e4tz einmal mehr unter Beweis, in welch kurzer Zeit er mit Sch\u00fclerinnen und Sch\u00fclern, die [&hellip;]<\/p>\n","protected":false},"author":1,"featured_media":1960,"comment_status":"closed","ping_status":"open","sticky":false,"template":"","format":"standard","meta":{"footnotes":""},"categories":[6,14],"tags":[],"class_list":["post-1956","post","type-post","status-publish","format-standard","has-post-thumbnail","hentry","category-aktuelles","category-musikklasse"],"jetpack_featured_media_url":"","_links":{"self":[{"href":"https:\/\/fvs-stelltsichvor.de\/wordpress\/wp-json\/wp\/v2\/posts\/1956","targetHints":{"allow":["GET"]}}],"collection":[{"href":"https:\/\/fvs-stelltsichvor.de\/wordpress\/wp-json\/wp\/v2\/posts"}],"about":[{"href":"https:\/\/fvs-stelltsichvor.de\/wordpress\/wp-json\/wp\/v2\/types\/post"}],"author":[{"embeddable":true,"href":"https:\/\/fvs-stelltsichvor.de\/wordpress\/wp-json\/wp\/v2\/users\/1"}],"replies":[{"embeddable":true,"href":"https:\/\/fvs-stelltsichvor.de\/wordpress\/wp-json\/wp\/v2\/comments?post=1956"}],"version-history":[{"count":0,"href":"https:\/\/fvs-stelltsichvor.de\/wordpress\/wp-json\/wp\/v2\/posts\/1956\/revisions"}],"wp:featuredmedia":[{"embeddable":true,"href":"https:\/\/fvs-stelltsichvor.de\/wordpress\/wp-json\/"}],"wp:attachment":[{"href":"https:\/\/fvs-stelltsichvor.de\/wordpress\/wp-json\/wp\/v2\/media?parent=1956"}],"wp:term":[{"taxonomy":"category","embeddable":true,"href":"https:\/\/fvs-stelltsichvor.de\/wordpress\/wp-json\/wp\/v2\/categories?post=1956"},{"taxonomy":"post_tag","embeddable":true,"href":"https:\/\/fvs-stelltsichvor.de\/wordpress\/wp-json\/wp\/v2\/tags?post=1956"}],"curies":[{"name":"wp","href":"https:\/\/api.w.org\/{rel}","templated":true}]}}