{"id":1895,"date":"2019-07-03T15:24:45","date_gmt":"2019-07-03T13:24:45","guid":{"rendered":"http:\/\/freiherr-vom-stein.net\/?p=1895"},"modified":"2019-07-03T15:24:45","modified_gmt":"2019-07-03T13:24:45","slug":"sportfest-2019","status":"publish","type":"post","link":"https:\/\/fvs-stelltsichvor.de\/wordpress\/2019\/07\/03\/sportfest-2019\/","title":{"rendered":"Sportfest 2019"},"content":{"rendered":"\n<p>Am Mitwoch, den 19. Juni 2019 fand das Sportfest unserer Schule statt. Die verschiedenen Jahrgangsstufen wurden in unterschiedlichen Zeitr\u00e4umen eingeteilt und Jungen und M\u00e4dchen getrennt.<\/p>\n\n\n\n<p>Wir &#8211; die Autoren dieses Berichts-&nbsp; aus der 9. Klasse wollen aus unserer Sicht das Sportfest schildern. Es begann mit dem Sportabzeichen. Daf\u00fcr mussten die Sch\u00fcler 4 verschiedene Stationen absolvieren: Seilspringen (\u00fcberkreuz), 800m-lauf, 100m-Sprinten und Standweitsprung. Nachdem die 9. Kl\u00e4ssler alle Stationen absolviert haben, fing ihr Fussball-Cup an.<\/p>\n\n\n\n<p>Vielen Dank an die Lehrer\/innen, dass sie das Sportfest so gut organisiert haben und ein Dank an die Sporthelfer und Sanis, die vor Ort waren, um uns zu unterst\u00fctzen.<\/p>\n\n\n\n<p>Artikel: Saskia &amp; Lisa<\/p>\n\n\n\n<ul class=\"wp-block-gallery columns-3 is-cropped wp-block-gallery-1 is-layout-flex wp-block-gallery-is-layout-flex\"><li class=\"blocks-gallery-item\"><figure><img decoding=\"async\" src=\"https:\/\/freiherrvomsteinblog.files.wordpress.com\/2019\/07\/uplo-22.jpg?w=683\" data-id=\"1899\" class=\"wp-image-1899\" alt=\"\" \/><\/figure><\/li><li class=\"blocks-gallery-item\"><figure><img decoding=\"async\" src=\"https:\/\/freiherrvomsteinblog.files.wordpress.com\/2019\/07\/uplo-53.jpg?w=1024\" data-id=\"1900\" class=\"wp-image-1900\" alt=\"\" \/><\/figure><\/li><li class=\"blocks-gallery-item\"><figure><img decoding=\"async\" src=\"https:\/\/freiherrvomsteinblog.files.wordpress.com\/2019\/07\/uplo-61.jpg?w=1024\" data-id=\"1901\" class=\"wp-image-1901\" alt=\"\" \/><\/figure><\/li><li class=\"blocks-gallery-item\"><figure><img decoding=\"async\" src=\"https:\/\/freiherrvomsteinblog.files.wordpress.com\/2019\/07\/uplo-88.jpg?w=1024\" data-id=\"1902\" class=\"wp-image-1902\" alt=\"\" \/><\/figure><\/li><li class=\"blocks-gallery-item\"><figure><img decoding=\"async\" src=\"https:\/\/freiherrvomsteinblog.files.wordpress.com\/2019\/07\/uplo-94.jpg?w=1024\" data-id=\"1904\" class=\"wp-image-1904\" alt=\"\" \/><\/figure><\/li><li class=\"blocks-gallery-item\"><figure><img decoding=\"async\" src=\"https:\/\/freiherrvomsteinblog.files.wordpress.com\/2019\/07\/uplo-136.jpg?w=1024\" data-id=\"1905\" class=\"wp-image-1905\" alt=\"\" \/><\/figure><\/li><\/ul>\n","protected":false},"excerpt":{"rendered":"<p>Am Mitwoch, den 19. Juni 2019 fand das Sportfest unserer Schule statt. Die verschiedenen Jahrgangsstufen wurden in unterschiedlichen Zeitr\u00e4umen eingeteilt und Jungen und M\u00e4dchen getrennt. Wir &#8211; die Autoren dieses Berichts-&nbsp; aus der 9. Klasse wollen aus unserer Sicht das Sportfest schildern. Es begann mit dem Sportabzeichen. Daf\u00fcr mussten die Sch\u00fcler 4 verschiedene Stationen absolvieren: [&hellip;]<\/p>\n","protected":false},"author":1,"featured_media":1903,"comment_status":"closed","ping_status":"open","sticky":false,"template":"","format":"standard","meta":{"footnotes":""},"categories":[1,19],"tags":[],"class_list":["post-1895","post","type-post","status-publish","format-standard","has-post-thumbnail","hentry","category-allgemein","category-sportwettkaempfe"],"jetpack_featured_media_url":"","_links":{"self":[{"href":"https:\/\/fvs-stelltsichvor.de\/wordpress\/wp-json\/wp\/v2\/posts\/1895","targetHints":{"allow":["GET"]}}],"collection":[{"href":"https:\/\/fvs-stelltsichvor.de\/wordpress\/wp-json\/wp\/v2\/posts"}],"about":[{"href":"https:\/\/fvs-stelltsichvor.de\/wordpress\/wp-json\/wp\/v2\/types\/post"}],"author":[{"embeddable":true,"href":"https:\/\/fvs-stelltsichvor.de\/wordpress\/wp-json\/wp\/v2\/users\/1"}],"replies":[{"embeddable":true,"href":"https:\/\/fvs-stelltsichvor.de\/wordpress\/wp-json\/wp\/v2\/comments?post=1895"}],"version-history":[{"count":0,"href":"https:\/\/fvs-stelltsichvor.de\/wordpress\/wp-json\/wp\/v2\/posts\/1895\/revisions"}],"wp:featuredmedia":[{"embeddable":true,"href":"https:\/\/fvs-stelltsichvor.de\/wordpress\/wp-json\/"}],"wp:attachment":[{"href":"https:\/\/fvs-stelltsichvor.de\/wordpress\/wp-json\/wp\/v2\/media?parent=1895"}],"wp:term":[{"taxonomy":"category","embeddable":true,"href":"https:\/\/fvs-stelltsichvor.de\/wordpress\/wp-json\/wp\/v2\/categories?post=1895"},{"taxonomy":"post_tag","embeddable":true,"href":"https:\/\/fvs-stelltsichvor.de\/wordpress\/wp-json\/wp\/v2\/tags?post=1895"}],"curies":[{"name":"wp","href":"https:\/\/api.w.org\/{rel}","templated":true}]}}