{"id":1511,"date":"2019-01-07T16:27:34","date_gmt":"2019-01-07T14:27:34","guid":{"rendered":"http:\/\/freiherr-vom-stein.net\/?p=1511"},"modified":"2019-01-07T16:27:34","modified_gmt":"2019-01-07T14:27:34","slug":"mit-musik-in-weihnachtsstimmung","status":"publish","type":"post","link":"https:\/\/fvs-stelltsichvor.de\/wordpress\/2019\/01\/07\/mit-musik-in-weihnachtsstimmung\/","title":{"rendered":"Mit Musik in Weihnachtsstimmung"},"content":{"rendered":"<p>Am 19 Dezember veranstaltete unsere Schule ein Weihnachtskonzert. Dabei konnte dieses Jahr nicht nur den ersten St\u00fccken der neuen Musikklasse 5a gelauscht werden, die zahlreichen St\u00fccke der Musikklasse 6a vernommen werden und der stetig wachsenden Musik AG zugeh\u00f6rt werden, sondern auch der unglaublichen Stimme von Herrn Sindram, der gekonnt von Frau Mertens am Klavier begleitet wurde.<br \/>\n<img loading=\"lazy\" decoding=\"async\" class=\"alignnone size-full wp-image-1515\" src=\"https:\/\/freiherrvomsteinblog.files.wordpress.com\/2019\/01\/dsc_0286-copy.jpg\" alt=\"dsc_0286 (copy)\" width=\"1200\" height=\"800\" \/><br \/>\nEs war abwechslungsreicher musikalischer Weihnachtsabend \u00fcber <em>Jingle Bells<\/em>, <em>Stern \u00fcber Bethlehem<\/em> hin zu Jini Mitchels <em>River<\/em> oder <em>Oh Holy Night<\/em> von Adolph Adam.<br \/>\nAm Ende verabschiedeten sich alle Musiker zusammen mit einer Melodie von Mozart.<br \/>\nDie Sch\u00fclerfirma Schwarzmarkt verkaufte leckeren Gl\u00fchwein, Kuchen, Br\u00f6tchen und W\u00fcrstchen und sorgte so neben dem musikalischen auch f\u00fcr den kulinarischen Genuss.<\/p>\n\n<p>R\u00fcckblickend war es ein sehr gelungener Abend, welcher einen bleibenden positiven Eindruck hinterlassen hat.<\/p>\n<p>Artikel: Paolo Aguilar S\u00e1nchez &amp; Herr Hagemann<\/p>\n","protected":false},"excerpt":{"rendered":"<p>Am 19 Dezember veranstaltete unsere Schule ein Weihnachtskonzert. Dabei konnte dieses Jahr nicht nur den ersten St\u00fccken der neuen Musikklasse 5a gelauscht werden, die zahlreichen St\u00fccke der Musikklasse 6a vernommen werden und der stetig wachsenden Musik AG zugeh\u00f6rt werden, sondern auch der unglaublichen Stimme von Herrn Sindram, der gekonnt von Frau Mertens am Klavier begleitet [&hellip;]<\/p>\n","protected":false},"author":1,"featured_media":1514,"comment_status":"closed","ping_status":"open","sticky":false,"template":"","format":"standard","meta":{"footnotes":""},"categories":[6,14,16],"tags":[],"class_list":["post-1511","post","type-post","status-publish","format-standard","has-post-thumbnail","hentry","category-aktuelles","category-musikklasse","category-schuelerfirma"],"jetpack_featured_media_url":"","_links":{"self":[{"href":"https:\/\/fvs-stelltsichvor.de\/wordpress\/wp-json\/wp\/v2\/posts\/1511","targetHints":{"allow":["GET"]}}],"collection":[{"href":"https:\/\/fvs-stelltsichvor.de\/wordpress\/wp-json\/wp\/v2\/posts"}],"about":[{"href":"https:\/\/fvs-stelltsichvor.de\/wordpress\/wp-json\/wp\/v2\/types\/post"}],"author":[{"embeddable":true,"href":"https:\/\/fvs-stelltsichvor.de\/wordpress\/wp-json\/wp\/v2\/users\/1"}],"replies":[{"embeddable":true,"href":"https:\/\/fvs-stelltsichvor.de\/wordpress\/wp-json\/wp\/v2\/comments?post=1511"}],"version-history":[{"count":0,"href":"https:\/\/fvs-stelltsichvor.de\/wordpress\/wp-json\/wp\/v2\/posts\/1511\/revisions"}],"wp:featuredmedia":[{"embeddable":true,"href":"https:\/\/fvs-stelltsichvor.de\/wordpress\/wp-json\/"}],"wp:attachment":[{"href":"https:\/\/fvs-stelltsichvor.de\/wordpress\/wp-json\/wp\/v2\/media?parent=1511"}],"wp:term":[{"taxonomy":"category","embeddable":true,"href":"https:\/\/fvs-stelltsichvor.de\/wordpress\/wp-json\/wp\/v2\/categories?post=1511"},{"taxonomy":"post_tag","embeddable":true,"href":"https:\/\/fvs-stelltsichvor.de\/wordpress\/wp-json\/wp\/v2\/tags?post=1511"}],"curies":[{"name":"wp","href":"https:\/\/api.w.org\/{rel}","templated":true}]}}