{"id":1153,"date":"2018-07-14T10:39:31","date_gmt":"2018-07-14T08:39:31","guid":{"rendered":"http:\/\/freiherr-vom-stein.net\/?p=1153"},"modified":"2018-07-14T10:39:31","modified_gmt":"2018-07-14T08:39:31","slug":"schoene-sommerferien-2","status":"publish","type":"post","link":"https:\/\/fvs-stelltsichvor.de\/wordpress\/2018\/07\/14\/schoene-sommerferien-2\/","title":{"rendered":"Sch\u00f6ne Sommerferien!"},"content":{"rendered":"<p>Die Freiherr-vom-Stein Realschule w\u00fcnscht allen am Schulleben Beteiligten sch\u00f6ne und erholsame Sommerferien 2018!<\/p>\n<p>&nbsp;<\/p>\n","protected":false},"excerpt":{"rendered":"<p>Die Freiherr-vom-Stein Realschule w\u00fcnscht allen am Schulleben Beteiligten sch\u00f6ne und erholsame Sommerferien 2018! &nbsp;<\/p>\n","protected":false},"author":1,"featured_media":1154,"comment_status":"closed","ping_status":"open","sticky":false,"template":"","format":"standard","meta":{"footnotes":""},"categories":[6],"tags":[],"class_list":["post-1153","post","type-post","status-publish","format-standard","has-post-thumbnail","hentry","category-aktuelles"],"jetpack_featured_media_url":"","_links":{"self":[{"href":"https:\/\/fvs-stelltsichvor.de\/wordpress\/wp-json\/wp\/v2\/posts\/1153","targetHints":{"allow":["GET"]}}],"collection":[{"href":"https:\/\/fvs-stelltsichvor.de\/wordpress\/wp-json\/wp\/v2\/posts"}],"about":[{"href":"https:\/\/fvs-stelltsichvor.de\/wordpress\/wp-json\/wp\/v2\/types\/post"}],"author":[{"embeddable":true,"href":"https:\/\/fvs-stelltsichvor.de\/wordpress\/wp-json\/wp\/v2\/users\/1"}],"replies":[{"embeddable":true,"href":"https:\/\/fvs-stelltsichvor.de\/wordpress\/wp-json\/wp\/v2\/comments?post=1153"}],"version-history":[{"count":0,"href":"https:\/\/fvs-stelltsichvor.de\/wordpress\/wp-json\/wp\/v2\/posts\/1153\/revisions"}],"wp:featuredmedia":[{"embeddable":true,"href":"https:\/\/fvs-stelltsichvor.de\/wordpress\/wp-json\/"}],"wp:attachment":[{"href":"https:\/\/fvs-stelltsichvor.de\/wordpress\/wp-json\/wp\/v2\/media?parent=1153"}],"wp:term":[{"taxonomy":"category","embeddable":true,"href":"https:\/\/fvs-stelltsichvor.de\/wordpress\/wp-json\/wp\/v2\/categories?post=1153"},{"taxonomy":"post_tag","embeddable":true,"href":"https:\/\/fvs-stelltsichvor.de\/wordpress\/wp-json\/wp\/v2\/tags?post=1153"}],"curies":[{"name":"wp","href":"https:\/\/api.w.org\/{rel}","templated":true}]}}