{"id":1109,"date":"2018-07-06T17:04:36","date_gmt":"2018-07-06T15:04:36","guid":{"rendered":"http:\/\/freiherr-vom-stein.net\/?p=1109"},"modified":"2018-07-06T17:04:36","modified_gmt":"2018-07-06T15:04:36","slug":"1109","status":"publish","type":"post","link":"https:\/\/fvs-stelltsichvor.de\/wordpress\/2018\/07\/06\/1109\/","title":{"rendered":"Betreuung in der letzten Schulwoche"},"content":{"rendered":"<p>In der letzten Schulwoche findet die Betreuung von Montag bis Mittwoch von 12:00 &#8211; 15:00 Uhr statt.<br \/>\nMittagessen kann ganz normal bestellt und bei uns gegessen werden.<\/p>\n<p>Am Donnerstag findet keine Betreuung mehr statt, da der Unterricht schon sehr fr\u00fch endet.<\/p>\n<p>F\u00fcr das Schuljahr 2018\/19 m\u00fcssen neue Antr\u00e4ge f\u00fcr die Betreuung gestellt werden.<br \/>\n5.Kl\u00e4ssler erhalten diese vorab per Post; 6.Kl\u00e4ssler nach den Ferien am Donnerstag.<\/p>\n<p>Allen Sch\u00fclern, Eltern und Lehrern w\u00fcnschen wir eine sch\u00f6ne Ferienzeit.<br \/>\nDas Betreuungsteam<\/p>\n","protected":false},"excerpt":{"rendered":"<p>In der letzten Schulwoche findet die Betreuung von Montag bis Mittwoch von 12:00 &#8211; 15:00 Uhr statt. Mittagessen kann ganz normal bestellt und bei uns gegessen werden. Am Donnerstag findet keine Betreuung mehr statt, da der Unterricht schon sehr fr\u00fch endet. F\u00fcr das Schuljahr 2018\/19 m\u00fcssen neue Antr\u00e4ge f\u00fcr die Betreuung gestellt werden. 5.Kl\u00e4ssler erhalten [&hellip;]<\/p>\n","protected":false},"author":1,"featured_media":1115,"comment_status":"closed","ping_status":"open","sticky":false,"template":"","format":"standard","meta":{"footnotes":""},"categories":[6],"tags":[],"class_list":["post-1109","post","type-post","status-publish","format-standard","has-post-thumbnail","hentry","category-aktuelles"],"jetpack_featured_media_url":"","_links":{"self":[{"href":"https:\/\/fvs-stelltsichvor.de\/wordpress\/wp-json\/wp\/v2\/posts\/1109","targetHints":{"allow":["GET"]}}],"collection":[{"href":"https:\/\/fvs-stelltsichvor.de\/wordpress\/wp-json\/wp\/v2\/posts"}],"about":[{"href":"https:\/\/fvs-stelltsichvor.de\/wordpress\/wp-json\/wp\/v2\/types\/post"}],"author":[{"embeddable":true,"href":"https:\/\/fvs-stelltsichvor.de\/wordpress\/wp-json\/wp\/v2\/users\/1"}],"replies":[{"embeddable":true,"href":"https:\/\/fvs-stelltsichvor.de\/wordpress\/wp-json\/wp\/v2\/comments?post=1109"}],"version-history":[{"count":0,"href":"https:\/\/fvs-stelltsichvor.de\/wordpress\/wp-json\/wp\/v2\/posts\/1109\/revisions"}],"wp:featuredmedia":[{"embeddable":true,"href":"https:\/\/fvs-stelltsichvor.de\/wordpress\/wp-json\/"}],"wp:attachment":[{"href":"https:\/\/fvs-stelltsichvor.de\/wordpress\/wp-json\/wp\/v2\/media?parent=1109"}],"wp:term":[{"taxonomy":"category","embeddable":true,"href":"https:\/\/fvs-stelltsichvor.de\/wordpress\/wp-json\/wp\/v2\/categories?post=1109"},{"taxonomy":"post_tag","embeddable":true,"href":"https:\/\/fvs-stelltsichvor.de\/wordpress\/wp-json\/wp\/v2\/tags?post=1109"}],"curies":[{"name":"wp","href":"https:\/\/api.w.org\/{rel}","templated":true}]}}