{"id":10852,"date":"2026-03-04T17:46:10","date_gmt":"2026-03-04T16:46:10","guid":{"rendered":"https:\/\/fvs-stelltsichvor.de\/wordpress\/?p=10852"},"modified":"2026-03-04T17:47:38","modified_gmt":"2026-03-04T16:47:38","slug":"skifahrt-2026-nach-obervellach-eine-unvergessliche-woche-im-schnee","status":"publish","type":"post","link":"https:\/\/fvs-stelltsichvor.de\/wordpress\/2026\/03\/04\/skifahrt-2026-nach-obervellach-eine-unvergessliche-woche-im-schnee\/","title":{"rendered":"Skifahrt 2026 nach Obervellach \u2013 Eine unvergessliche Woche im Schnee"},"content":{"rendered":"\n<p class=\"has-large-font-size\">Skifahrt 2026 nach Obervellach \u2013 Eine unvergessliche Woche im Schnee<\/p>\n\n\n\n<p>Vom 20.02. bis zum 28.02.2026 hie\u00df es f\u00fcr 26 Sch\u00fclerinnen und Sch\u00fcler der Freiherr-vom-Stein Realschule: Skier anschnallen und ab nach \u00d6sterreich! Gemeinsam mit f\u00fcnf Lehrkr\u00e4ften und einem erfahrenen Skilehrer f\u00fchrte unsere diesj\u00e4hrige Skifahrt ins wundersch\u00f6ne Obervellach in K\u00e4rnten.<\/p>\n\n\n\n<p><strong><u>Perfekte Bedingungen am M\u00f6lltaler Gletscher:<\/u><\/strong><strong><u><\/u><\/strong><\/p>\n\n\n\n<p>Unser t\u00e4gliches Skigebiet war der beeindruckende M\u00f6lltaler Gletscher. Dort legten wir zahlreiche Pistenkilometer zur\u00fcck und die Sch\u00fclerinnen und Sch\u00fcler konnten ihr K\u00f6nnen stetig verbessern. Sowohl Anf\u00e4ngerinnen und Anf\u00e4nger als auch Fortgeschrittene kamen voll auf ihre Kosten.<\/p>\n\n\n\n<p>Die Bedingungen h\u00e4tten besser kaum sein k\u00f6nnen: bestens pr\u00e4parierte Pisten, strahlender Sonnenschein und eine traumhafte Aussicht \u00fcber die Alpen machten jeden Skitag zu einem besonderen Erlebnis. Das Panorama mit schneebedeckten Gipfeln wird uns allen sicher noch lange in Erinnerung bleiben.<\/p>\n\n\n\n<figure class=\"wp-block-gallery has-nested-images columns-default is-cropped wp-block-gallery-1 is-layout-flex wp-block-gallery-is-layout-flex\">\n<figure class=\"wp-block-image size-large\"><img loading=\"lazy\" decoding=\"async\" width=\"771\" height=\"1024\" data-id=\"10855\" src=\"https:\/\/fvs-stelltsichvor.de\/wordpress\/wp-content\/uploads\/2026\/03\/IMG-20260227-WA0011-771x1024.jpg\" alt=\"\" class=\"wp-image-10855\" srcset=\"https:\/\/fvs-stelltsichvor.de\/wordpress\/wp-content\/uploads\/2026\/03\/IMG-20260227-WA0011-771x1024.jpg 771w, https:\/\/fvs-stelltsichvor.de\/wordpress\/wp-content\/uploads\/2026\/03\/IMG-20260227-WA0011-226x300.jpg 226w, https:\/\/fvs-stelltsichvor.de\/wordpress\/wp-content\/uploads\/2026\/03\/IMG-20260227-WA0011-768x1020.jpg 768w, https:\/\/fvs-stelltsichvor.de\/wordpress\/wp-content\/uploads\/2026\/03\/IMG-20260227-WA0011-1157x1536.jpg 1157w, https:\/\/fvs-stelltsichvor.de\/wordpress\/wp-content\/uploads\/2026\/03\/IMG-20260227-WA0011-1542x2048.jpg 1542w, https:\/\/fvs-stelltsichvor.de\/wordpress\/wp-content\/uploads\/2026\/03\/IMG-20260227-WA0011.jpg 1920w\" sizes=\"auto, (max-width: 771px) 100vw, 771px\" \/><\/figure>\n\n\n\n<figure class=\"wp-block-image size-large\"><img loading=\"lazy\" decoding=\"async\" width=\"771\" height=\"1024\" data-id=\"10856\" src=\"https:\/\/fvs-stelltsichvor.de\/wordpress\/wp-content\/uploads\/2026\/03\/IMG-20260227-WA0012-771x1024.jpg\" alt=\"\" class=\"wp-image-10856\" srcset=\"https:\/\/fvs-stelltsichvor.de\/wordpress\/wp-content\/uploads\/2026\/03\/IMG-20260227-WA0012-771x1024.jpg 771w, https:\/\/fvs-stelltsichvor.de\/wordpress\/wp-content\/uploads\/2026\/03\/IMG-20260227-WA0012-226x300.jpg 226w, https:\/\/fvs-stelltsichvor.de\/wordpress\/wp-content\/uploads\/2026\/03\/IMG-20260227-WA0012-768x1020.jpg 768w, https:\/\/fvs-stelltsichvor.de\/wordpress\/wp-content\/uploads\/2026\/03\/IMG-20260227-WA0012-1157x1536.jpg 1157w, https:\/\/fvs-stelltsichvor.de\/wordpress\/wp-content\/uploads\/2026\/03\/IMG-20260227-WA0012-1542x2048.jpg 1542w, https:\/\/fvs-stelltsichvor.de\/wordpress\/wp-content\/uploads\/2026\/03\/IMG-20260227-WA0012.jpg 1920w\" sizes=\"auto, (max-width: 771px) 100vw, 771px\" \/><\/figure>\n<\/figure>\n\n\n\n<p><strong><u>Gemeinschaft und Spa\u00df im Erlebnishotel:<\/u><\/strong><\/p>\n\n\n\n<p>Untergebracht waren wir im Erlebnishotel in Obervellach. Auch nach einem sportlichen Tag auf der Piste war f\u00fcr Unterhaltung gesorgt: Abends wurde gemeinsam gespielt, gelacht und die Erlebnisse des Tages ausgetauscht.<\/p>\n\n\n\n<p>Ein besonderes Highlight, neben den spannenden Werwolf-Spielerunden, war die t\u00e4gliche Verleihung des Krokodils, f\u00fcr besonders lustige Aktionen. Auch ein Kinoabend, bei dem wir es uns gemeinsam gem\u00fctlich machten und den Tag entspannt ausklingen lie\u00dfen, konnte angeboten werden. Diese gemeinsamen Abende st\u00e4rkten den Teamgeist und sorgten f\u00fcr viele sch\u00f6ne Momente abseits der Skipiste.<\/p>\n\n\n\n<figure class=\"wp-block-image size-large\"><img loading=\"lazy\" decoding=\"async\" width=\"1024\" height=\"771\" src=\"https:\/\/fvs-stelltsichvor.de\/wordpress\/wp-content\/uploads\/2026\/03\/IMG-20260227-WA0003-1024x771.jpg\" alt=\"\" class=\"wp-image-10854\" srcset=\"https:\/\/fvs-stelltsichvor.de\/wordpress\/wp-content\/uploads\/2026\/03\/IMG-20260227-WA0003-1024x771.jpg 1024w, https:\/\/fvs-stelltsichvor.de\/wordpress\/wp-content\/uploads\/2026\/03\/IMG-20260227-WA0003-300x226.jpg 300w, https:\/\/fvs-stelltsichvor.de\/wordpress\/wp-content\/uploads\/2026\/03\/IMG-20260227-WA0003-768x578.jpg 768w, https:\/\/fvs-stelltsichvor.de\/wordpress\/wp-content\/uploads\/2026\/03\/IMG-20260227-WA0003-1536x1157.jpg 1536w, https:\/\/fvs-stelltsichvor.de\/wordpress\/wp-content\/uploads\/2026\/03\/IMG-20260227-WA0003.jpg 1920w\" sizes=\"auto, (max-width: 1024px) 100vw, 1024px\" \/><\/figure>\n\n\n\n<p><strong><u>Eine Woche, die verbindet:<\/u><\/strong><\/p>\n\n\n\n<p>Die Skifahrt war nicht nur sportlich ein voller Erfolg, sondern auch ein gro\u00dfartiges Gemeinschaftserlebnis. Alle Teilnehmenden sammelten neue Erfahrungen, wuchsen \u00fcber sich hinaus und hatten jede Menge Spa\u00df.<\/p>\n\n\n\n<p>Mit vielen tollen Erinnerungen, Muskelkater in den Beinen und einem L\u00e4cheln im Gesicht kehrten wir schlie\u00dflich nach Hause zur\u00fcck.<\/p>\n\n\n\n<p>Die Skifahrt 2026 nach Obervellach wird uns hoffentlich noch lange in bester Erinnerung bleiben! \ud83c\udfbf\u2744<\/p>\n\n\n\n<figure class=\"wp-block-image size-large\"><img loading=\"lazy\" decoding=\"async\" width=\"1024\" height=\"576\" src=\"https:\/\/fvs-stelltsichvor.de\/wordpress\/wp-content\/uploads\/2026\/03\/PXL_20260224_090306814-1024x576.jpg\" alt=\"\" class=\"wp-image-10857\" srcset=\"https:\/\/fvs-stelltsichvor.de\/wordpress\/wp-content\/uploads\/2026\/03\/PXL_20260224_090306814-1024x576.jpg 1024w, https:\/\/fvs-stelltsichvor.de\/wordpress\/wp-content\/uploads\/2026\/03\/PXL_20260224_090306814-300x169.jpg 300w, https:\/\/fvs-stelltsichvor.de\/wordpress\/wp-content\/uploads\/2026\/03\/PXL_20260224_090306814-768x432.jpg 768w, https:\/\/fvs-stelltsichvor.de\/wordpress\/wp-content\/uploads\/2026\/03\/PXL_20260224_090306814-1536x864.jpg 1536w, https:\/\/fvs-stelltsichvor.de\/wordpress\/wp-content\/uploads\/2026\/03\/PXL_20260224_090306814.jpg 1920w\" sizes=\"auto, (max-width: 1024px) 100vw, 1024px\" \/><\/figure>\n\n\n\n<p><\/p>\n\n\n\n<p class=\"has-text-align-center\">Das Skiteam 2026<\/p>\n\n\n\n<p class=\"has-text-align-center\">der Freiherr-vom-Stein Realschule<\/p>\n\n\n\n<p class=\"has-text-align-center\">mit<\/p>\n\n\n\n<p class=\"has-text-align-center\">Fr. Greve, Hr. Gottschalk, Fr. Lehmkuhl, Fr. Mertens, Hr. Stellmach&nbsp;und Sascha<\/p>\n\n\n\n<figure class=\"wp-block-image size-large is-resized\"><img loading=\"lazy\" decoding=\"async\" width=\"576\" height=\"1024\" src=\"https:\/\/fvs-stelltsichvor.de\/wordpress\/wp-content\/uploads\/2026\/03\/PXL_20260226_120328057-1-576x1024.jpg\" alt=\"\" class=\"wp-image-10860\" style=\"aspect-ratio:0.5625565006599816;width:410px;height:auto\" srcset=\"https:\/\/fvs-stelltsichvor.de\/wordpress\/wp-content\/uploads\/2026\/03\/PXL_20260226_120328057-1-576x1024.jpg 576w, https:\/\/fvs-stelltsichvor.de\/wordpress\/wp-content\/uploads\/2026\/03\/PXL_20260226_120328057-1-169x300.jpg 169w, https:\/\/fvs-stelltsichvor.de\/wordpress\/wp-content\/uploads\/2026\/03\/PXL_20260226_120328057-1-768x1365.jpg 768w, https:\/\/fvs-stelltsichvor.de\/wordpress\/wp-content\/uploads\/2026\/03\/PXL_20260226_120328057-1-864x1536.jpg 864w, https:\/\/fvs-stelltsichvor.de\/wordpress\/wp-content\/uploads\/2026\/03\/PXL_20260226_120328057-1-1152x2048.jpg 1152w, https:\/\/fvs-stelltsichvor.de\/wordpress\/wp-content\/uploads\/2026\/03\/PXL_20260226_120328057-1-scaled.jpg 1440w\" sizes=\"auto, (max-width: 576px) 100vw, 576px\" \/><\/figure>\n","protected":false},"excerpt":{"rendered":"<p>Skifahrt 2026 nach Obervellach \u2013 Eine unvergessliche Woche im Schnee Vom 20.02. bis zum 28.02.2026 hie\u00df es f\u00fcr 26 Sch\u00fclerinnen und Sch\u00fcler der Freiherr-vom-Stein Realschule: Skier anschnallen und ab nach \u00d6sterreich! Gemeinsam mit f\u00fcnf Lehrkr\u00e4ften und einem erfahrenen Skilehrer f\u00fchrte unsere diesj\u00e4hrige Skifahrt ins wundersch\u00f6ne Obervellach in K\u00e4rnten. Perfekte Bedingungen am M\u00f6lltaler Gletscher: Unser t\u00e4gliches [&hellip;]<\/p>\n","protected":false},"author":1,"featured_media":10858,"comment_status":"closed","ping_status":"open","sticky":false,"template":"","format":"standard","meta":{"footnotes":""},"categories":[6,11],"tags":[],"class_list":["post-10852","post","type-post","status-publish","format-standard","has-post-thumbnail","hentry","category-aktuelles","category-klassenfahrten"],"jetpack_featured_media_url":"https:\/\/fvs-stelltsichvor.de\/wordpress\/wp-content\/uploads\/2026\/03\/PXL_20260226_113833731.jpg","_links":{"self":[{"href":"https:\/\/fvs-stelltsichvor.de\/wordpress\/wp-json\/wp\/v2\/posts\/10852","targetHints":{"allow":["GET"]}}],"collection":[{"href":"https:\/\/fvs-stelltsichvor.de\/wordpress\/wp-json\/wp\/v2\/posts"}],"about":[{"href":"https:\/\/fvs-stelltsichvor.de\/wordpress\/wp-json\/wp\/v2\/types\/post"}],"author":[{"embeddable":true,"href":"https:\/\/fvs-stelltsichvor.de\/wordpress\/wp-json\/wp\/v2\/users\/1"}],"replies":[{"embeddable":true,"href":"https:\/\/fvs-stelltsichvor.de\/wordpress\/wp-json\/wp\/v2\/comments?post=10852"}],"version-history":[{"count":2,"href":"https:\/\/fvs-stelltsichvor.de\/wordpress\/wp-json\/wp\/v2\/posts\/10852\/revisions"}],"predecessor-version":[{"id":10861,"href":"https:\/\/fvs-stelltsichvor.de\/wordpress\/wp-json\/wp\/v2\/posts\/10852\/revisions\/10861"}],"wp:featuredmedia":[{"embeddable":true,"href":"https:\/\/fvs-stelltsichvor.de\/wordpress\/wp-json\/wp\/v2\/media\/10858"}],"wp:attachment":[{"href":"https:\/\/fvs-stelltsichvor.de\/wordpress\/wp-json\/wp\/v2\/media?parent=10852"}],"wp:term":[{"taxonomy":"category","embeddable":true,"href":"https:\/\/fvs-stelltsichvor.de\/wordpress\/wp-json\/wp\/v2\/categories?post=10852"},{"taxonomy":"post_tag","embeddable":true,"href":"https:\/\/fvs-stelltsichvor.de\/wordpress\/wp-json\/wp\/v2\/tags?post=10852"}],"curies":[{"name":"wp","href":"https:\/\/api.w.org\/{rel}","templated":true}]}}