{"id":10769,"date":"2026-01-11T16:08:22","date_gmt":"2026-01-11T15:08:22","guid":{"rendered":"https:\/\/fvs-stelltsichvor.de\/wordpress\/?p=10769"},"modified":"2026-01-11T16:09:07","modified_gmt":"2026-01-11T15:09:07","slug":"distanzunterricht-am-montag-12-1-26","status":"publish","type":"post","link":"https:\/\/fvs-stelltsichvor.de\/wordpress\/2026\/01\/11\/distanzunterricht-am-montag-12-1-26\/","title":{"rendered":"Distanzunterricht am Montag, 12.1.26"},"content":{"rendered":"\n<p>Distanzunterricht am Montag, 12.1.26<\/p>\n\n\n\n<p>Der Deutsche Wetterdienst hat f\u00fcr den morgigen Montagmorgen eine Vorabinformation bez\u00fcglich einer Unwetterwarnung gegeben. Dementsprechend hat das Schulministerium eben mitgeteilt, dass auf Grundlage des Erlasses \u201eRegelungen zum Unterrichtsausfall und anderen schulischen Ma\u00dfnahmen bei Unwettern und anderen extremen Wetter-Ereignissen&#8220; vom 10. Oktober 2022 landesweit kein Unterricht in Pr\u00e4senz am morgigen Montag, 12. Januar, stattfindet. Stattdessen f\u00fchren landesweit die Schulen Distanzunterricht durch. <br><br>Diese Entscheidung des Ministeriums erfolgte im Sinne einer fr\u00fchzeitigen Information der Schulen, da mit einer endg\u00fcltigen Unwetterwarnung des Deutschen Wetterdienstes erst in den fr\u00fchen Abendstunden des heutigen Sonntags gerechnet werden kann.<br><br>F\u00fcr Sch\u00fclerinnen und Sch\u00fcler, die die Mitteilung \u00fcber das Aussetzen von Pr\u00e4senzunterricht nicht mehr rechtzeitig erreicht hat und die deshalb an unseren beiden Schulgeb\u00e4uden eintreffen, ist eine angemessene Beaufsichtigung durch die Schule gew\u00e4hrleistet.<br><br>Informationen zum Distanzunterricht erhalten Ihre Kinder \u00fcber den Schulmanager durch ihre Lehrkr\u00e4fte.<\/p>\n\n\n\n<p><\/p>\n","protected":false},"excerpt":{"rendered":"<p>Distanzunterricht am Montag, 12.1.26 Der Deutsche Wetterdienst hat f\u00fcr den morgigen Montagmorgen eine Vorabinformation bez\u00fcglich einer Unwetterwarnung gegeben. Dementsprechend hat das Schulministerium eben mitgeteilt, dass auf Grundlage des Erlasses \u201eRegelungen zum Unterrichtsausfall und anderen schulischen Ma\u00dfnahmen bei Unwettern und anderen extremen Wetter-Ereignissen&#8220; vom 10. Oktober 2022 landesweit kein Unterricht in Pr\u00e4senz am morgigen Montag, 12. [&hellip;]<\/p>\n","protected":false},"author":1,"featured_media":10770,"comment_status":"closed","ping_status":"open","sticky":false,"template":"","format":"standard","meta":{"footnotes":""},"categories":[6],"tags":[],"class_list":["post-10769","post","type-post","status-publish","format-standard","has-post-thumbnail","hentry","category-aktuelles"],"jetpack_featured_media_url":"https:\/\/fvs-stelltsichvor.de\/wordpress\/wp-content\/uploads\/2026\/01\/person-1990906_1280.jpg","_links":{"self":[{"href":"https:\/\/fvs-stelltsichvor.de\/wordpress\/wp-json\/wp\/v2\/posts\/10769","targetHints":{"allow":["GET"]}}],"collection":[{"href":"https:\/\/fvs-stelltsichvor.de\/wordpress\/wp-json\/wp\/v2\/posts"}],"about":[{"href":"https:\/\/fvs-stelltsichvor.de\/wordpress\/wp-json\/wp\/v2\/types\/post"}],"author":[{"embeddable":true,"href":"https:\/\/fvs-stelltsichvor.de\/wordpress\/wp-json\/wp\/v2\/users\/1"}],"replies":[{"embeddable":true,"href":"https:\/\/fvs-stelltsichvor.de\/wordpress\/wp-json\/wp\/v2\/comments?post=10769"}],"version-history":[{"count":2,"href":"https:\/\/fvs-stelltsichvor.de\/wordpress\/wp-json\/wp\/v2\/posts\/10769\/revisions"}],"predecessor-version":[{"id":10772,"href":"https:\/\/fvs-stelltsichvor.de\/wordpress\/wp-json\/wp\/v2\/posts\/10769\/revisions\/10772"}],"wp:featuredmedia":[{"embeddable":true,"href":"https:\/\/fvs-stelltsichvor.de\/wordpress\/wp-json\/wp\/v2\/media\/10770"}],"wp:attachment":[{"href":"https:\/\/fvs-stelltsichvor.de\/wordpress\/wp-json\/wp\/v2\/media?parent=10769"}],"wp:term":[{"taxonomy":"category","embeddable":true,"href":"https:\/\/fvs-stelltsichvor.de\/wordpress\/wp-json\/wp\/v2\/categories?post=10769"},{"taxonomy":"post_tag","embeddable":true,"href":"https:\/\/fvs-stelltsichvor.de\/wordpress\/wp-json\/wp\/v2\/tags?post=10769"}],"curies":[{"name":"wp","href":"https:\/\/api.w.org\/{rel}","templated":true}]}}