{"id":10737,"date":"2025-12-18T12:22:12","date_gmt":"2025-12-18T11:22:12","guid":{"rendered":"https:\/\/fvs-stelltsichvor.de\/wordpress\/?p=10737"},"modified":"2025-12-18T12:22:12","modified_gmt":"2025-12-18T11:22:12","slug":"briefmarathon-von-amnesty","status":"publish","type":"post","link":"https:\/\/fvs-stelltsichvor.de\/wordpress\/2025\/12\/18\/briefmarathon-von-amnesty\/","title":{"rendered":"Briefmarathon von Amnesty"},"content":{"rendered":"\n<p class=\"has-large-font-size\">Briefmarathon von Amnesty<\/p>\n\n\n\n<p>In diesem Jahr hat sich unsere Schule am Briefmarathon von Amnesty International beteiligt. Zahlreiche Sch\u00fclerinnen und Sch\u00fcler setzten ein starkes Zeichen f\u00fcr Menschenrechte und Solidarit\u00e4t.<\/p>\n\n\n\n<p>Insgesamt konnten 625 Briefe verfasst werden, die an verschiedene L\u00e4nder weltweit verschickt wurden, darunter Kambodscha, Ecuador, Myanmar, S\u00fcdafrika, Madagaskar, Tunesien und Honduras. Mit diesen Briefen unterst\u00fctzen wir Menschen, die sich in schwierigen Lebenslagen befinden oder deren Rechte verletzt wurden.<\/p>\n\n\n\n<p>Wir bedanken uns herzlich bei allen Beteiligten f\u00fcr ihren Einsatz und ihre Unterst\u00fctzung.<\/p>\n\n\n\n<p>Artikel: Herr M\u00fcller<\/p>\n\n\n\n<figure class=\"wp-block-image size-large\"><img loading=\"lazy\" decoding=\"async\" width=\"768\" height=\"1024\" src=\"https:\/\/fvs-stelltsichvor.de\/wordpress\/wp-content\/uploads\/2025\/12\/Bild-BAR-768x1024.jpg\" alt=\"\" class=\"wp-image-10738\" srcset=\"https:\/\/fvs-stelltsichvor.de\/wordpress\/wp-content\/uploads\/2025\/12\/Bild-BAR-768x1024.jpg 768w, https:\/\/fvs-stelltsichvor.de\/wordpress\/wp-content\/uploads\/2025\/12\/Bild-BAR-225x300.jpg 225w, https:\/\/fvs-stelltsichvor.de\/wordpress\/wp-content\/uploads\/2025\/12\/Bild-BAR-1152x1536.jpg 1152w, https:\/\/fvs-stelltsichvor.de\/wordpress\/wp-content\/uploads\/2025\/12\/Bild-BAR.jpg 1440w\" sizes=\"auto, (max-width: 768px) 100vw, 768px\" \/><\/figure>\n","protected":false},"excerpt":{"rendered":"<p>Briefmarathon von Amnesty In diesem Jahr hat sich unsere Schule am Briefmarathon von Amnesty International beteiligt. Zahlreiche Sch\u00fclerinnen und Sch\u00fcler setzten ein starkes Zeichen f\u00fcr Menschenrechte und Solidarit\u00e4t. Insgesamt konnten 625 Briefe verfasst werden, die an verschiedene L\u00e4nder weltweit verschickt wurden, darunter Kambodscha, Ecuador, Myanmar, S\u00fcdafrika, Madagaskar, Tunesien und Honduras. Mit diesen Briefen unterst\u00fctzen wir [&hellip;]<\/p>\n","protected":false},"author":1,"featured_media":10739,"comment_status":"closed","ping_status":"open","sticky":false,"template":"","format":"standard","meta":{"footnotes":""},"categories":[6,15,17],"tags":[],"class_list":["post-10737","post","type-post","status-publish","format-standard","has-post-thumbnail","hentry","category-aktuelles","category-projekte","category-schule-gegen-rassismus"],"jetpack_featured_media_url":"https:\/\/fvs-stelltsichvor.de\/wordpress\/wp-content\/uploads\/2025\/12\/IMG_6373.jpeg","_links":{"self":[{"href":"https:\/\/fvs-stelltsichvor.de\/wordpress\/wp-json\/wp\/v2\/posts\/10737","targetHints":{"allow":["GET"]}}],"collection":[{"href":"https:\/\/fvs-stelltsichvor.de\/wordpress\/wp-json\/wp\/v2\/posts"}],"about":[{"href":"https:\/\/fvs-stelltsichvor.de\/wordpress\/wp-json\/wp\/v2\/types\/post"}],"author":[{"embeddable":true,"href":"https:\/\/fvs-stelltsichvor.de\/wordpress\/wp-json\/wp\/v2\/users\/1"}],"replies":[{"embeddable":true,"href":"https:\/\/fvs-stelltsichvor.de\/wordpress\/wp-json\/wp\/v2\/comments?post=10737"}],"version-history":[{"count":1,"href":"https:\/\/fvs-stelltsichvor.de\/wordpress\/wp-json\/wp\/v2\/posts\/10737\/revisions"}],"predecessor-version":[{"id":10740,"href":"https:\/\/fvs-stelltsichvor.de\/wordpress\/wp-json\/wp\/v2\/posts\/10737\/revisions\/10740"}],"wp:featuredmedia":[{"embeddable":true,"href":"https:\/\/fvs-stelltsichvor.de\/wordpress\/wp-json\/wp\/v2\/media\/10739"}],"wp:attachment":[{"href":"https:\/\/fvs-stelltsichvor.de\/wordpress\/wp-json\/wp\/v2\/media?parent=10737"}],"wp:term":[{"taxonomy":"category","embeddable":true,"href":"https:\/\/fvs-stelltsichvor.de\/wordpress\/wp-json\/wp\/v2\/categories?post=10737"},{"taxonomy":"post_tag","embeddable":true,"href":"https:\/\/fvs-stelltsichvor.de\/wordpress\/wp-json\/wp\/v2\/tags?post=10737"}],"curies":[{"name":"wp","href":"https:\/\/api.w.org\/{rel}","templated":true}]}}