{"id":10551,"date":"2025-10-11T14:26:26","date_gmt":"2025-10-11T12:26:26","guid":{"rendered":"https:\/\/fvs-stelltsichvor.de\/wordpress\/?p=10551"},"modified":"2025-10-11T14:26:26","modified_gmt":"2025-10-11T12:26:26","slug":"generationentreff-ein-projekt-mit-herz-und-hand","status":"publish","type":"post","link":"https:\/\/fvs-stelltsichvor.de\/wordpress\/2025\/10\/11\/generationentreff-ein-projekt-mit-herz-und-hand\/","title":{"rendered":"Generationentreff \u2013 ein Projekt mit Herz und Hand"},"content":{"rendered":"\n<p class=\"has-large-font-size\">Generationentreff \u2013 ein Projekt mit Herz und Hand<\/p>\n\n\n\n<p>Die FvS hat mit dem Quartierszentrum Fischeln seit letztem Jahr einen neuen Kooperationspartner gefunden und wir freuen uns riesig auf viele gemeinsame Aktionen!  Unsere Sch\u00fcler*innen engagieren sich, verbringen Zeit mit den Seniorinnen und Senioren des Quartierszentrums und entdecken dabei, wie viel man voneinander lernen kann. <br>Gemeinsame Spazierg\u00e4nge, Besuche des Gottesdienstes, Gespr\u00e4che \u00fcber Erlebnisse aus vergangenen Tagen, Rezepttausch, Lachen und ganz viel Herzlichkeit stehen im Mittelpunkt. <br>Hier treffen Erfahrung und Neugier, Vergangenheit und Zukunft, Alt und Jung aufeinander und es entsteht echte Menschlichkeit. <br>Wir freuen uns auf viele sch\u00f6ne Begegnungen, Projekte und Momente, die verbinden im Alltag, im Gespr\u00e4ch und im Glauben. <\/p>\n\n\n\n<p>Aritkel: Frau Sichma<\/p>\n","protected":false},"excerpt":{"rendered":"<p>Generationentreff \u2013 ein Projekt mit Herz und Hand Die FvS hat mit dem Quartierszentrum Fischeln seit letztem Jahr einen neuen Kooperationspartner gefunden und wir freuen uns riesig auf viele gemeinsame Aktionen! Unsere Sch\u00fcler*innen engagieren sich, verbringen Zeit mit den Seniorinnen und Senioren des Quartierszentrums und entdecken dabei, wie viel man voneinander lernen kann. Gemeinsame Spazierg\u00e4nge, [&hellip;]<\/p>\n","protected":false},"author":1,"featured_media":10552,"comment_status":"closed","ping_status":"open","sticky":false,"template":"","format":"standard","meta":{"footnotes":""},"categories":[6,12,15,22],"tags":[],"class_list":["post-10551","post","type-post","status-publish","format-standard","has-post-thumbnail","hentry","category-aktuelles","category-ksw","category-projekte","category-teilstandort"],"jetpack_featured_media_url":"https:\/\/fvs-stelltsichvor.de\/wordpress\/wp-content\/uploads\/2025\/10\/IMG-20251009-WA0002.jpg","_links":{"self":[{"href":"https:\/\/fvs-stelltsichvor.de\/wordpress\/wp-json\/wp\/v2\/posts\/10551","targetHints":{"allow":["GET"]}}],"collection":[{"href":"https:\/\/fvs-stelltsichvor.de\/wordpress\/wp-json\/wp\/v2\/posts"}],"about":[{"href":"https:\/\/fvs-stelltsichvor.de\/wordpress\/wp-json\/wp\/v2\/types\/post"}],"author":[{"embeddable":true,"href":"https:\/\/fvs-stelltsichvor.de\/wordpress\/wp-json\/wp\/v2\/users\/1"}],"replies":[{"embeddable":true,"href":"https:\/\/fvs-stelltsichvor.de\/wordpress\/wp-json\/wp\/v2\/comments?post=10551"}],"version-history":[{"count":1,"href":"https:\/\/fvs-stelltsichvor.de\/wordpress\/wp-json\/wp\/v2\/posts\/10551\/revisions"}],"predecessor-version":[{"id":10553,"href":"https:\/\/fvs-stelltsichvor.de\/wordpress\/wp-json\/wp\/v2\/posts\/10551\/revisions\/10553"}],"wp:featuredmedia":[{"embeddable":true,"href":"https:\/\/fvs-stelltsichvor.de\/wordpress\/wp-json\/wp\/v2\/media\/10552"}],"wp:attachment":[{"href":"https:\/\/fvs-stelltsichvor.de\/wordpress\/wp-json\/wp\/v2\/media?parent=10551"}],"wp:term":[{"taxonomy":"category","embeddable":true,"href":"https:\/\/fvs-stelltsichvor.de\/wordpress\/wp-json\/wp\/v2\/categories?post=10551"},{"taxonomy":"post_tag","embeddable":true,"href":"https:\/\/fvs-stelltsichvor.de\/wordpress\/wp-json\/wp\/v2\/tags?post=10551"}],"curies":[{"name":"wp","href":"https:\/\/api.w.org\/{rel}","templated":true}]}}