{"id":1043,"date":"2018-06-08T19:40:08","date_gmt":"2018-06-08T17:40:08","guid":{"rendered":"http:\/\/freiherr-vom-stein.net\/?p=1043"},"modified":"2018-06-08T19:40:08","modified_gmt":"2018-06-08T17:40:08","slug":"musikabend-fuer-die-zukuenftigen-5er-entfaellt","status":"publish","type":"post","link":"https:\/\/fvs-stelltsichvor.de\/wordpress\/2018\/06\/08\/musikabend-fuer-die-zukuenftigen-5er-entfaellt\/","title":{"rendered":"Musikabend f\u00fcr die zuk\u00fcnftigen 5er entf\u00e4llt! \/ Auftritt bei Kultur findet Stadt"},"content":{"rendered":"<p>Der Musikabend f\u00fcr die zuk\u00fcnftigen 5er muss leider aus organisatorischen Gr\u00fcnden ausfallen! Sie k\u00f6nnen die Bl\u00e4serklasse der Freiherr-vom-Stein Schule aber am Samstag, 9.6.2018 um 17:00 Uhr am <em>Platz an der alten Kirche<\/em> im Rahmen des Krefelder Kulturfestivals <em>Kultur findet Stadt<\/em> h\u00f6ren, sehen und erleben!<\/p>\n","protected":false},"excerpt":{"rendered":"<p>Der Musikabend f\u00fcr die zuk\u00fcnftigen 5er muss leider aus organisatorischen Gr\u00fcnden ausfallen! Sie k\u00f6nnen die Bl\u00e4serklasse der Freiherr-vom-Stein Schule aber am Samstag, 9.6.2018 um 17:00 Uhr am Platz an der alten Kirche im Rahmen des Krefelder Kulturfestivals Kultur findet Stadt h\u00f6ren, sehen und erleben!<\/p>\n","protected":false},"author":1,"featured_media":1044,"comment_status":"closed","ping_status":"open","sticky":false,"template":"","format":"standard","meta":{"footnotes":""},"categories":[6,14],"tags":[],"class_list":["post-1043","post","type-post","status-publish","format-standard","has-post-thumbnail","hentry","category-aktuelles","category-musikklasse"],"jetpack_featured_media_url":"","_links":{"self":[{"href":"https:\/\/fvs-stelltsichvor.de\/wordpress\/wp-json\/wp\/v2\/posts\/1043","targetHints":{"allow":["GET"]}}],"collection":[{"href":"https:\/\/fvs-stelltsichvor.de\/wordpress\/wp-json\/wp\/v2\/posts"}],"about":[{"href":"https:\/\/fvs-stelltsichvor.de\/wordpress\/wp-json\/wp\/v2\/types\/post"}],"author":[{"embeddable":true,"href":"https:\/\/fvs-stelltsichvor.de\/wordpress\/wp-json\/wp\/v2\/users\/1"}],"replies":[{"embeddable":true,"href":"https:\/\/fvs-stelltsichvor.de\/wordpress\/wp-json\/wp\/v2\/comments?post=1043"}],"version-history":[{"count":0,"href":"https:\/\/fvs-stelltsichvor.de\/wordpress\/wp-json\/wp\/v2\/posts\/1043\/revisions"}],"wp:featuredmedia":[{"embeddable":true,"href":"https:\/\/fvs-stelltsichvor.de\/wordpress\/wp-json\/"}],"wp:attachment":[{"href":"https:\/\/fvs-stelltsichvor.de\/wordpress\/wp-json\/wp\/v2\/media?parent=1043"}],"wp:term":[{"taxonomy":"category","embeddable":true,"href":"https:\/\/fvs-stelltsichvor.de\/wordpress\/wp-json\/wp\/v2\/categories?post=1043"},{"taxonomy":"post_tag","embeddable":true,"href":"https:\/\/fvs-stelltsichvor.de\/wordpress\/wp-json\/wp\/v2\/tags?post=1043"}],"curies":[{"name":"wp","href":"https:\/\/api.w.org\/{rel}","templated":true}]}}