{"id":10407,"date":"2025-09-13T09:42:43","date_gmt":"2025-09-13T07:42:43","guid":{"rendered":"https:\/\/fvs-stelltsichvor.de\/wordpress\/?p=10407"},"modified":"2025-09-13T09:45:42","modified_gmt":"2025-09-13T07:45:42","slug":"abschlussfahrt-10b10d-zum-garda-see","status":"publish","type":"post","link":"https:\/\/fvs-stelltsichvor.de\/wordpress\/2025\/09\/13\/abschlussfahrt-10b10d-zum-garda-see\/","title":{"rendered":"Abschlussfahrt 10b+10d zum Garda See"},"content":{"rendered":"\n<p class=\"has-large-font-size\">Abschlussfahrt 10b+10d zum Garda See<\/p>\n\n\n\n<p>Die Reise nach Italien begann mit einer Nachtfahrt, bei der die freundlichen und erfahrenen Busfahrer die Sch\u00fclerinnen und Sch\u00fcler sicher ans Ziel brachten. Am Montag konnte dann schon mal der hoteleigene Pool ausprobiert werden. <\/p>\n\n\n\n<figure class=\"wp-block-image size-full is-resized\"><img loading=\"lazy\" decoding=\"async\" width=\"750\" height=\"1000\" src=\"https:\/\/fvs-stelltsichvor.de\/wordpress\/wp-content\/uploads\/2025\/09\/20250910_181728.jpg\" alt=\"\" class=\"wp-image-10408\" style=\"width:469px;height:auto\" srcset=\"https:\/\/fvs-stelltsichvor.de\/wordpress\/wp-content\/uploads\/2025\/09\/20250910_181728.jpg 750w, https:\/\/fvs-stelltsichvor.de\/wordpress\/wp-content\/uploads\/2025\/09\/20250910_181728-225x300.jpg 225w\" sizes=\"auto, (max-width: 750px) 100vw, 750px\" \/><\/figure>\n\n\n\n<p><br>Dienstags ging es dann nach Venedig &#8211; erneut mit dem Bus. Die Lagunenstadt beeindruckte die Gruppe mit ihren Kan\u00e4len, Br\u00fccken und historischen Geb\u00e4uden. Wusstet ihr, dass der ber\u00fchmte Entdecker Marco Polo aus Venedig stammt? Eine Stadt voller Geschichte und einzigartiger Atmosph\u00e4re.<\/p>\n\n\n\n<figure class=\"wp-block-gallery has-nested-images columns-default is-cropped wp-block-gallery-1 is-layout-flex wp-block-gallery-is-layout-flex\">\n<figure class=\"wp-block-image size-large\"><img loading=\"lazy\" decoding=\"async\" width=\"750\" height=\"1000\" data-id=\"10410\" src=\"https:\/\/fvs-stelltsichvor.de\/wordpress\/wp-content\/uploads\/2025\/09\/20250909_111205.jpg\" alt=\"\" class=\"wp-image-10410\" srcset=\"https:\/\/fvs-stelltsichvor.de\/wordpress\/wp-content\/uploads\/2025\/09\/20250909_111205.jpg 750w, https:\/\/fvs-stelltsichvor.de\/wordpress\/wp-content\/uploads\/2025\/09\/20250909_111205-225x300.jpg 225w\" sizes=\"auto, (max-width: 750px) 100vw, 750px\" \/><\/figure>\n\n\n\n<figure class=\"wp-block-image size-large\"><img loading=\"lazy\" decoding=\"async\" width=\"750\" height=\"1000\" data-id=\"10409\" src=\"https:\/\/fvs-stelltsichvor.de\/wordpress\/wp-content\/uploads\/2025\/09\/20250909_114819.jpg\" alt=\"\" class=\"wp-image-10409\" srcset=\"https:\/\/fvs-stelltsichvor.de\/wordpress\/wp-content\/uploads\/2025\/09\/20250909_114819.jpg 750w, https:\/\/fvs-stelltsichvor.de\/wordpress\/wp-content\/uploads\/2025\/09\/20250909_114819-225x300.jpg 225w\" sizes=\"auto, (max-width: 750px) 100vw, 750px\" \/><\/figure>\n\n\n\n<figure class=\"wp-block-image size-large\"><img loading=\"lazy\" decoding=\"async\" width=\"750\" height=\"1000\" data-id=\"10411\" src=\"https:\/\/fvs-stelltsichvor.de\/wordpress\/wp-content\/uploads\/2025\/09\/20250909_115949.jpg\" alt=\"\" class=\"wp-image-10411\" srcset=\"https:\/\/fvs-stelltsichvor.de\/wordpress\/wp-content\/uploads\/2025\/09\/20250909_115949.jpg 750w, https:\/\/fvs-stelltsichvor.de\/wordpress\/wp-content\/uploads\/2025\/09\/20250909_115949-225x300.jpg 225w\" sizes=\"auto, (max-width: 750px) 100vw, 750px\" \/><\/figure>\n\n\n\n<figure class=\"wp-block-image size-large\"><img loading=\"lazy\" decoding=\"async\" width=\"750\" height=\"1000\" data-id=\"10421\" src=\"https:\/\/fvs-stelltsichvor.de\/wordpress\/wp-content\/uploads\/2025\/09\/20250909_130503.jpg\" alt=\"\" class=\"wp-image-10421\" srcset=\"https:\/\/fvs-stelltsichvor.de\/wordpress\/wp-content\/uploads\/2025\/09\/20250909_130503.jpg 750w, https:\/\/fvs-stelltsichvor.de\/wordpress\/wp-content\/uploads\/2025\/09\/20250909_130503-225x300.jpg 225w\" sizes=\"auto, (max-width: 750px) 100vw, 750px\" \/><\/figure>\n\n\n\n<figure class=\"wp-block-image size-large\"><img loading=\"lazy\" decoding=\"async\" width=\"750\" height=\"1000\" data-id=\"10412\" src=\"https:\/\/fvs-stelltsichvor.de\/wordpress\/wp-content\/uploads\/2025\/09\/20250909_145001.jpg\" alt=\"\" class=\"wp-image-10412\" srcset=\"https:\/\/fvs-stelltsichvor.de\/wordpress\/wp-content\/uploads\/2025\/09\/20250909_145001.jpg 750w, https:\/\/fvs-stelltsichvor.de\/wordpress\/wp-content\/uploads\/2025\/09\/20250909_145001-225x300.jpg 225w\" sizes=\"auto, (max-width: 750px) 100vw, 750px\" \/><\/figure>\n\n\n\n<figure class=\"wp-block-image size-large\"><img loading=\"lazy\" decoding=\"async\" width=\"750\" height=\"1000\" data-id=\"10413\" src=\"https:\/\/fvs-stelltsichvor.de\/wordpress\/wp-content\/uploads\/2025\/09\/20250909_145141.jpg\" alt=\"\" class=\"wp-image-10413\" srcset=\"https:\/\/fvs-stelltsichvor.de\/wordpress\/wp-content\/uploads\/2025\/09\/20250909_145141.jpg 750w, https:\/\/fvs-stelltsichvor.de\/wordpress\/wp-content\/uploads\/2025\/09\/20250909_145141-225x300.jpg 225w\" sizes=\"auto, (max-width: 750px) 100vw, 750px\" \/><\/figure>\n<\/figure>\n\n\n\n<p>Am Mittwoch stand dann die ebenfalls historisch bedeutsame Stadt Verona auf dem Programm.<br>Dort besuchten die Klassen die r\u00f6mische Arena, in der einst Gladiatorenk\u00e4mpfe stattfanden \u2013 ein eindrucksvolles Zeugnis der Antike. Ein weiteres Highlight war das Haus von Shakespeares Julia, das die literarische Seite Veronas erlebbar macht.<\/p>\n\n\n\n<figure class=\"wp-block-gallery has-nested-images columns-default is-cropped wp-block-gallery-2 is-layout-flex wp-block-gallery-is-layout-flex\">\n<figure class=\"wp-block-image size-large\"><img loading=\"lazy\" decoding=\"async\" width=\"750\" height=\"1000\" data-id=\"10414\" src=\"https:\/\/fvs-stelltsichvor.de\/wordpress\/wp-content\/uploads\/2025\/09\/20250910_145455.jpg\" alt=\"\" class=\"wp-image-10414\" srcset=\"https:\/\/fvs-stelltsichvor.de\/wordpress\/wp-content\/uploads\/2025\/09\/20250910_145455.jpg 750w, https:\/\/fvs-stelltsichvor.de\/wordpress\/wp-content\/uploads\/2025\/09\/20250910_145455-225x300.jpg 225w\" sizes=\"auto, (max-width: 750px) 100vw, 750px\" \/><\/figure>\n\n\n\n<figure class=\"wp-block-image size-large\"><img loading=\"lazy\" decoding=\"async\" width=\"750\" height=\"1000\" data-id=\"10417\" src=\"https:\/\/fvs-stelltsichvor.de\/wordpress\/wp-content\/uploads\/2025\/09\/20250910_114240.jpg\" alt=\"\" class=\"wp-image-10417\" srcset=\"https:\/\/fvs-stelltsichvor.de\/wordpress\/wp-content\/uploads\/2025\/09\/20250910_114240.jpg 750w, https:\/\/fvs-stelltsichvor.de\/wordpress\/wp-content\/uploads\/2025\/09\/20250910_114240-225x300.jpg 225w\" sizes=\"auto, (max-width: 750px) 100vw, 750px\" \/><\/figure>\n\n\n\n<figure class=\"wp-block-image size-large\"><img loading=\"lazy\" decoding=\"async\" width=\"750\" height=\"1000\" data-id=\"10416\" src=\"https:\/\/fvs-stelltsichvor.de\/wordpress\/wp-content\/uploads\/2025\/09\/20250910_114509.jpg\" alt=\"\" class=\"wp-image-10416\" srcset=\"https:\/\/fvs-stelltsichvor.de\/wordpress\/wp-content\/uploads\/2025\/09\/20250910_114509.jpg 750w, https:\/\/fvs-stelltsichvor.de\/wordpress\/wp-content\/uploads\/2025\/09\/20250910_114509-225x300.jpg 225w\" sizes=\"auto, (max-width: 750px) 100vw, 750px\" \/><\/figure>\n\n\n\n<figure class=\"wp-block-image size-large\"><img loading=\"lazy\" decoding=\"async\" width=\"1000\" height=\"750\" data-id=\"10418\" src=\"https:\/\/fvs-stelltsichvor.de\/wordpress\/wp-content\/uploads\/2025\/09\/20250910_153904.jpg\" alt=\"\" class=\"wp-image-10418\" srcset=\"https:\/\/fvs-stelltsichvor.de\/wordpress\/wp-content\/uploads\/2025\/09\/20250910_153904.jpg 1000w, https:\/\/fvs-stelltsichvor.de\/wordpress\/wp-content\/uploads\/2025\/09\/20250910_153904-300x225.jpg 300w, https:\/\/fvs-stelltsichvor.de\/wordpress\/wp-content\/uploads\/2025\/09\/20250910_153904-768x576.jpg 768w\" sizes=\"auto, (max-width: 1000px) 100vw, 1000px\" \/><\/figure>\n<\/figure>\n\n\n\n<p>Donnerstags genossen die Sch\u00fclerinnen und Sch\u00fcler einen entspannten Tag am Gardasee. Sonne, Wasser und die sch\u00f6ne Landschaft boten die perfekte Gelegenheit, zur Ruhe zu kommen, bevor es wieder nach Hause ging.<\/p>\n\n\n\n<figure class=\"wp-block-gallery has-nested-images columns-default is-cropped wp-block-gallery-3 is-layout-flex wp-block-gallery-is-layout-flex\">\n<figure class=\"wp-block-image size-large\"><img loading=\"lazy\" decoding=\"async\" width=\"1000\" height=\"750\" data-id=\"10420\" src=\"https:\/\/fvs-stelltsichvor.de\/wordpress\/wp-content\/uploads\/2025\/09\/20250911_104305.jpg\" alt=\"\" class=\"wp-image-10420\" srcset=\"https:\/\/fvs-stelltsichvor.de\/wordpress\/wp-content\/uploads\/2025\/09\/20250911_104305.jpg 1000w, https:\/\/fvs-stelltsichvor.de\/wordpress\/wp-content\/uploads\/2025\/09\/20250911_104305-300x225.jpg 300w, https:\/\/fvs-stelltsichvor.de\/wordpress\/wp-content\/uploads\/2025\/09\/20250911_104305-768x576.jpg 768w\" sizes=\"auto, (max-width: 1000px) 100vw, 1000px\" \/><\/figure>\n\n\n\n<figure class=\"wp-block-image size-large\"><img loading=\"lazy\" decoding=\"async\" width=\"1000\" height=\"750\" data-id=\"10419\" src=\"https:\/\/fvs-stelltsichvor.de\/wordpress\/wp-content\/uploads\/2025\/09\/20250911_104641.jpg\" alt=\"\" class=\"wp-image-10419\" srcset=\"https:\/\/fvs-stelltsichvor.de\/wordpress\/wp-content\/uploads\/2025\/09\/20250911_104641.jpg 1000w, https:\/\/fvs-stelltsichvor.de\/wordpress\/wp-content\/uploads\/2025\/09\/20250911_104641-300x225.jpg 300w, https:\/\/fvs-stelltsichvor.de\/wordpress\/wp-content\/uploads\/2025\/09\/20250911_104641-768x576.jpg 768w\" sizes=\"auto, (max-width: 1000px) 100vw, 1000px\" \/><\/figure>\n<\/figure>\n\n\n\n<p>Danke f\u00fcr die tolle Zeit und die sch\u00f6nen Momente, die wir gemeinsam hatten.<\/p>\n\n\n\n<p>Artikel: Frau Sichma und Herr Hagemann<\/p>\n","protected":false},"excerpt":{"rendered":"<p>Abschlussfahrt 10b+10d zum Garda See Die Reise nach Italien begann mit einer Nachtfahrt, bei der die freundlichen und erfahrenen Busfahrer die Sch\u00fclerinnen und Sch\u00fcler sicher ans Ziel brachten. Am Montag konnte dann schon mal der hoteleigene Pool ausprobiert werden. Dienstags ging es dann nach Venedig &#8211; erneut mit dem Bus. Die Lagunenstadt beeindruckte die Gruppe [&hellip;]<\/p>\n","protected":false},"author":1,"featured_media":10420,"comment_status":"closed","ping_status":"open","sticky":false,"template":"","format":"standard","meta":{"footnotes":""},"categories":[6,11],"tags":[],"class_list":["post-10407","post","type-post","status-publish","format-standard","has-post-thumbnail","hentry","category-aktuelles","category-klassenfahrten"],"jetpack_featured_media_url":"https:\/\/fvs-stelltsichvor.de\/wordpress\/wp-content\/uploads\/2025\/09\/20250911_104305.jpg","_links":{"self":[{"href":"https:\/\/fvs-stelltsichvor.de\/wordpress\/wp-json\/wp\/v2\/posts\/10407","targetHints":{"allow":["GET"]}}],"collection":[{"href":"https:\/\/fvs-stelltsichvor.de\/wordpress\/wp-json\/wp\/v2\/posts"}],"about":[{"href":"https:\/\/fvs-stelltsichvor.de\/wordpress\/wp-json\/wp\/v2\/types\/post"}],"author":[{"embeddable":true,"href":"https:\/\/fvs-stelltsichvor.de\/wordpress\/wp-json\/wp\/v2\/users\/1"}],"replies":[{"embeddable":true,"href":"https:\/\/fvs-stelltsichvor.de\/wordpress\/wp-json\/wp\/v2\/comments?post=10407"}],"version-history":[{"count":3,"href":"https:\/\/fvs-stelltsichvor.de\/wordpress\/wp-json\/wp\/v2\/posts\/10407\/revisions"}],"predecessor-version":[{"id":10424,"href":"https:\/\/fvs-stelltsichvor.de\/wordpress\/wp-json\/wp\/v2\/posts\/10407\/revisions\/10424"}],"wp:featuredmedia":[{"embeddable":true,"href":"https:\/\/fvs-stelltsichvor.de\/wordpress\/wp-json\/wp\/v2\/media\/10420"}],"wp:attachment":[{"href":"https:\/\/fvs-stelltsichvor.de\/wordpress\/wp-json\/wp\/v2\/media?parent=10407"}],"wp:term":[{"taxonomy":"category","embeddable":true,"href":"https:\/\/fvs-stelltsichvor.de\/wordpress\/wp-json\/wp\/v2\/categories?post=10407"},{"taxonomy":"post_tag","embeddable":true,"href":"https:\/\/fvs-stelltsichvor.de\/wordpress\/wp-json\/wp\/v2\/tags?post=10407"}],"curies":[{"name":"wp","href":"https:\/\/api.w.org\/{rel}","templated":true}]}}