{"id":10296,"date":"2025-06-26T21:34:33","date_gmt":"2025-06-26T19:34:33","guid":{"rendered":"https:\/\/fvs-stelltsichvor.de\/wordpress\/?p=10296"},"modified":"2025-06-26T21:34:33","modified_gmt":"2025-06-26T19:34:33","slug":"komm-auf-tour-meine-staerken-meine-zukunft-ein-erlebnisreicher-tag-zur-beruflichen-orientierung","status":"publish","type":"post","link":"https:\/\/fvs-stelltsichvor.de\/wordpress\/2025\/06\/26\/komm-auf-tour-meine-staerken-meine-zukunft-ein-erlebnisreicher-tag-zur-beruflichen-orientierung\/","title":{"rendered":"\u201eKomm auf Tour \u2013 Meine St\u00e4rken, meine Zukunft\u201c: Ein erlebnisreicher Tag zur beruflichen Orientierung"},"content":{"rendered":"\n<p class=\"has-large-font-size\">\u201eKomm auf Tour \u2013 Meine St\u00e4rken, meine Zukunft\u201c: Ein erlebnisreicher Tag zur beruflichen Orientierung<\/p>\n\n\n\n<p>Unsere Sch\u00fcler*innen der Klassen 7IF und 7CH konnten heute am Erlebnisparcours \u201eKomm auf Tour\u201c teilnehmen \u2013 ein spannendes Projekt zur St\u00e4rkenentdeckung und Berufsorientierung.<\/p>\n\n\n\n<p>An interaktiven Stationen, wie einer gestalteten Wohnung, einer B\u00fchne oder einem Labyrinth, stellten sich die Jugendlichen spielerisch verschiedenen Herausforderungen. Dabei entdeckten sie neue Perspektiven, erkannten pers\u00f6nliche St\u00e4rken und sammelten erste Impulse f\u00fcr ihre berufliche Zukunft.<\/p>\n\n\n\n<p>Ein Tag voller Inspiration, Selbstvertrauen und wertvoller Erfahrungen \u2013 wir bedanken uns herzlich bei den Organisator*innen von \u201eKomm auf Tour\u201c f\u00fcr diese bereichernde M\u00f6glichkeit!<\/p>\n\n\n\n<figure class=\"wp-block-gallery has-nested-images columns-default is-cropped wp-block-gallery-1 is-layout-flex wp-block-gallery-is-layout-flex\">\n<figure class=\"wp-block-image size-large\"><img loading=\"lazy\" decoding=\"async\" width=\"1024\" height=\"768\" data-id=\"10298\" src=\"https:\/\/fvs-stelltsichvor.de\/wordpress\/wp-content\/uploads\/2025\/06\/IMG_0181-1024x768.jpg\" alt=\"\" class=\"wp-image-10298\" srcset=\"https:\/\/fvs-stelltsichvor.de\/wordpress\/wp-content\/uploads\/2025\/06\/IMG_0181-1024x768.jpg 1024w, https:\/\/fvs-stelltsichvor.de\/wordpress\/wp-content\/uploads\/2025\/06\/IMG_0181-300x225.jpg 300w, https:\/\/fvs-stelltsichvor.de\/wordpress\/wp-content\/uploads\/2025\/06\/IMG_0181-768x576.jpg 768w, https:\/\/fvs-stelltsichvor.de\/wordpress\/wp-content\/uploads\/2025\/06\/IMG_0181-1536x1152.jpg 1536w, https:\/\/fvs-stelltsichvor.de\/wordpress\/wp-content\/uploads\/2025\/06\/IMG_0181.jpg 1920w\" sizes=\"auto, (max-width: 1024px) 100vw, 1024px\" \/><\/figure>\n<\/figure>\n\n\n\n<figure class=\"wp-block-image size-large\"><img loading=\"lazy\" decoding=\"async\" width=\"768\" height=\"1024\" src=\"https:\/\/fvs-stelltsichvor.de\/wordpress\/wp-content\/uploads\/2025\/06\/IMG_0179-768x1024.jpg\" alt=\"\" class=\"wp-image-10299\" srcset=\"https:\/\/fvs-stelltsichvor.de\/wordpress\/wp-content\/uploads\/2025\/06\/IMG_0179-768x1024.jpg 768w, https:\/\/fvs-stelltsichvor.de\/wordpress\/wp-content\/uploads\/2025\/06\/IMG_0179-225x300.jpg 225w, https:\/\/fvs-stelltsichvor.de\/wordpress\/wp-content\/uploads\/2025\/06\/IMG_0179-1152x1536.jpg 1152w, https:\/\/fvs-stelltsichvor.de\/wordpress\/wp-content\/uploads\/2025\/06\/IMG_0179.jpg 1440w\" sizes=\"auto, (max-width: 768px) 100vw, 768px\" \/><\/figure>\n","protected":false},"excerpt":{"rendered":"<p>\u201eKomm auf Tour \u2013 Meine St\u00e4rken, meine Zukunft\u201c: Ein erlebnisreicher Tag zur beruflichen Orientierung Unsere Sch\u00fcler*innen der Klassen 7IF und 7CH konnten heute am Erlebnisparcours \u201eKomm auf Tour\u201c teilnehmen \u2013 ein spannendes Projekt zur St\u00e4rkenentdeckung und Berufsorientierung. An interaktiven Stationen, wie einer gestalteten Wohnung, einer B\u00fchne oder einem Labyrinth, stellten sich die Jugendlichen spielerisch verschiedenen [&hellip;]<\/p>\n","protected":false},"author":1,"featured_media":10297,"comment_status":"closed","ping_status":"open","sticky":false,"template":"","format":"standard","meta":{"footnotes":""},"categories":[1],"tags":[],"class_list":["post-10296","post","type-post","status-publish","format-standard","has-post-thumbnail","hentry","category-allgemein"],"jetpack_featured_media_url":"https:\/\/fvs-stelltsichvor.de\/wordpress\/wp-content\/uploads\/2025\/06\/IMG_0185.jpg","_links":{"self":[{"href":"https:\/\/fvs-stelltsichvor.de\/wordpress\/wp-json\/wp\/v2\/posts\/10296","targetHints":{"allow":["GET"]}}],"collection":[{"href":"https:\/\/fvs-stelltsichvor.de\/wordpress\/wp-json\/wp\/v2\/posts"}],"about":[{"href":"https:\/\/fvs-stelltsichvor.de\/wordpress\/wp-json\/wp\/v2\/types\/post"}],"author":[{"embeddable":true,"href":"https:\/\/fvs-stelltsichvor.de\/wordpress\/wp-json\/wp\/v2\/users\/1"}],"replies":[{"embeddable":true,"href":"https:\/\/fvs-stelltsichvor.de\/wordpress\/wp-json\/wp\/v2\/comments?post=10296"}],"version-history":[{"count":1,"href":"https:\/\/fvs-stelltsichvor.de\/wordpress\/wp-json\/wp\/v2\/posts\/10296\/revisions"}],"predecessor-version":[{"id":10300,"href":"https:\/\/fvs-stelltsichvor.de\/wordpress\/wp-json\/wp\/v2\/posts\/10296\/revisions\/10300"}],"wp:featuredmedia":[{"embeddable":true,"href":"https:\/\/fvs-stelltsichvor.de\/wordpress\/wp-json\/wp\/v2\/media\/10297"}],"wp:attachment":[{"href":"https:\/\/fvs-stelltsichvor.de\/wordpress\/wp-json\/wp\/v2\/media?parent=10296"}],"wp:term":[{"taxonomy":"category","embeddable":true,"href":"https:\/\/fvs-stelltsichvor.de\/wordpress\/wp-json\/wp\/v2\/categories?post=10296"},{"taxonomy":"post_tag","embeddable":true,"href":"https:\/\/fvs-stelltsichvor.de\/wordpress\/wp-json\/wp\/v2\/tags?post=10296"}],"curies":[{"name":"wp","href":"https:\/\/api.w.org\/{rel}","templated":true}]}}