{"id":10114,"date":"2025-03-24T18:21:35","date_gmt":"2025-03-24T17:21:35","guid":{"rendered":"https:\/\/fvs-stelltsichvor.de\/wordpress\/?p=10114"},"modified":"2025-03-24T18:21:35","modified_gmt":"2025-03-24T17:21:35","slug":"sas-klassenfahrt-der-9f-nach-wegberg","status":"publish","type":"post","link":"https:\/\/fvs-stelltsichvor.de\/wordpress\/2025\/03\/24\/sas-klassenfahrt-der-9f-nach-wegberg\/","title":{"rendered":"SAS-Klassenfahrt der 9f nach Wegberg"},"content":{"rendered":"\n<p class=\"has-large-font-size\">SAS-Klassenfahrt der 9f nach Wegberg<\/p>\n\n\n\n<p>Vom 17.03. \u2013 21.03.2025 ging es f\u00fcr 18 Sch\u00fclerinnen und Sch\u00fcler aus der 9f der Freiherr-vom-Stein Realschule f\u00fcr eine Woche auf Klassenfahrt nach Wegberg in die Jugendbildungsst\u00e4tte St. Georg. Im Rahmen des SAS-Programms (Sch\u00fclerabg\u00e4ngerseminar) nahm die Klasse an einem Accessment-Training teil. Hierbei wurden gemeinsam mit Vertretern der Stadt Krefeld und weiteren Experten typische Situationen eines Bewerbungsprozesses besprochen und einge\u00fcbt. Die Experten konnten dabei wertvolle Tipps, wie Bewerbende zum Beispiel bei einem Einstellungstest punkten k\u00f6nnen, weitergeben. Dar\u00fcber hinaus wurden individuelle Vorstellungsgespr\u00e4che und eine Diskussionsrunde mit dem Thema \u201everpflichtendes Soziales Jahr\u201c simuliert. Au\u00dferdem erhielten die Sch\u00fclerinnen und Sch\u00fcler auch einen \u00dcberblick \u00fcber aktuelle Ausbildungs- und Studienm\u00f6glichkeiten.<\/p>\n\n\n\n<figure class=\"wp-block-gallery has-nested-images columns-default is-cropped wp-block-gallery-1 is-layout-flex wp-block-gallery-is-layout-flex\">\n<figure class=\"wp-block-image size-large\"><img loading=\"lazy\" decoding=\"async\" width=\"576\" height=\"1024\" data-id=\"10116\" src=\"https:\/\/fvs-stelltsichvor.de\/wordpress\/wp-content\/uploads\/2025\/03\/PXL_20250319_140619404-576x1024.jpg\" alt=\"\" class=\"wp-image-10116\" srcset=\"https:\/\/fvs-stelltsichvor.de\/wordpress\/wp-content\/uploads\/2025\/03\/PXL_20250319_140619404-576x1024.jpg 576w, https:\/\/fvs-stelltsichvor.de\/wordpress\/wp-content\/uploads\/2025\/03\/PXL_20250319_140619404-169x300.jpg 169w, https:\/\/fvs-stelltsichvor.de\/wordpress\/wp-content\/uploads\/2025\/03\/PXL_20250319_140619404-768x1365.jpg 768w, https:\/\/fvs-stelltsichvor.de\/wordpress\/wp-content\/uploads\/2025\/03\/PXL_20250319_140619404-864x1536.jpg 864w, https:\/\/fvs-stelltsichvor.de\/wordpress\/wp-content\/uploads\/2025\/03\/PXL_20250319_140619404.jpg 1080w\" sizes=\"auto, (max-width: 576px) 100vw, 576px\" \/><\/figure>\n\n\n\n<figure class=\"wp-block-image size-large\"><img loading=\"lazy\" decoding=\"async\" width=\"576\" height=\"1024\" data-id=\"10117\" src=\"https:\/\/fvs-stelltsichvor.de\/wordpress\/wp-content\/uploads\/2025\/03\/PXL_20250319_135720166-576x1024.jpg\" alt=\"\" class=\"wp-image-10117\" srcset=\"https:\/\/fvs-stelltsichvor.de\/wordpress\/wp-content\/uploads\/2025\/03\/PXL_20250319_135720166-576x1024.jpg 576w, https:\/\/fvs-stelltsichvor.de\/wordpress\/wp-content\/uploads\/2025\/03\/PXL_20250319_135720166-169x300.jpg 169w, https:\/\/fvs-stelltsichvor.de\/wordpress\/wp-content\/uploads\/2025\/03\/PXL_20250319_135720166-768x1365.jpg 768w, https:\/\/fvs-stelltsichvor.de\/wordpress\/wp-content\/uploads\/2025\/03\/PXL_20250319_135720166-864x1536.jpg 864w, https:\/\/fvs-stelltsichvor.de\/wordpress\/wp-content\/uploads\/2025\/03\/PXL_20250319_135720166.jpg 1080w\" sizes=\"auto, (max-width: 576px) 100vw, 576px\" \/><\/figure>\n<\/figure>\n\n\n\n<p><br>Neben den Bildungsinhalten wurde auch ein Ausflug nach M\u00f6nchengladbach gemacht und abends fanden gemeinsame lustige Spielerunden statt.<\/p>\n\n\n\n<p><br>Insgesamt war die Woche ein voller Erfolg und wir hoffen auf viele weitere Jahre mit dem SAS-Projekt.<\/p>\n\n\n\n<p>Artikel: Herr Gottschalk<\/p>\n","protected":false},"excerpt":{"rendered":"<p>SAS-Klassenfahrt der 9f nach Wegberg Vom 17.03. \u2013 21.03.2025 ging es f\u00fcr 18 Sch\u00fclerinnen und Sch\u00fcler aus der 9f der Freiherr-vom-Stein Realschule f\u00fcr eine Woche auf Klassenfahrt nach Wegberg in die Jugendbildungsst\u00e4tte St. Georg. Im Rahmen des SAS-Programms (Sch\u00fclerabg\u00e4ngerseminar) nahm die Klasse an einem Accessment-Training teil. Hierbei wurden gemeinsam mit Vertretern der Stadt Krefeld und [&hellip;]<\/p>\n","protected":false},"author":1,"featured_media":10115,"comment_status":"closed","ping_status":"open","sticky":false,"template":"","format":"standard","meta":{"footnotes":""},"categories":[6,7,11],"tags":[],"class_list":["post-10114","post","type-post","status-publish","format-standard","has-post-thumbnail","hentry","category-aktuelles","category-berufsorientierung","category-klassenfahrten"],"jetpack_featured_media_url":"https:\/\/fvs-stelltsichvor.de\/wordpress\/wp-content\/uploads\/2025\/03\/PXL_20250320_0856203432.jpg","_links":{"self":[{"href":"https:\/\/fvs-stelltsichvor.de\/wordpress\/wp-json\/wp\/v2\/posts\/10114","targetHints":{"allow":["GET"]}}],"collection":[{"href":"https:\/\/fvs-stelltsichvor.de\/wordpress\/wp-json\/wp\/v2\/posts"}],"about":[{"href":"https:\/\/fvs-stelltsichvor.de\/wordpress\/wp-json\/wp\/v2\/types\/post"}],"author":[{"embeddable":true,"href":"https:\/\/fvs-stelltsichvor.de\/wordpress\/wp-json\/wp\/v2\/users\/1"}],"replies":[{"embeddable":true,"href":"https:\/\/fvs-stelltsichvor.de\/wordpress\/wp-json\/wp\/v2\/comments?post=10114"}],"version-history":[{"count":1,"href":"https:\/\/fvs-stelltsichvor.de\/wordpress\/wp-json\/wp\/v2\/posts\/10114\/revisions"}],"predecessor-version":[{"id":10118,"href":"https:\/\/fvs-stelltsichvor.de\/wordpress\/wp-json\/wp\/v2\/posts\/10114\/revisions\/10118"}],"wp:featuredmedia":[{"embeddable":true,"href":"https:\/\/fvs-stelltsichvor.de\/wordpress\/wp-json\/wp\/v2\/media\/10115"}],"wp:attachment":[{"href":"https:\/\/fvs-stelltsichvor.de\/wordpress\/wp-json\/wp\/v2\/media?parent=10114"}],"wp:term":[{"taxonomy":"category","embeddable":true,"href":"https:\/\/fvs-stelltsichvor.de\/wordpress\/wp-json\/wp\/v2\/categories?post=10114"},{"taxonomy":"post_tag","embeddable":true,"href":"https:\/\/fvs-stelltsichvor.de\/wordpress\/wp-json\/wp\/v2\/tags?post=10114"}],"curies":[{"name":"wp","href":"https:\/\/api.w.org\/{rel}","templated":true}]}}