{"id":10086,"date":"2025-03-10T18:32:22","date_gmt":"2025-03-10T17:32:22","guid":{"rendered":"https:\/\/fvs-stelltsichvor.de\/wordpress\/?p=10086"},"modified":"2025-03-10T18:42:30","modified_gmt":"2025-03-10T17:42:30","slug":"schulsieger-des-diercke-wissen-geographie-wettbewerb","status":"publish","type":"post","link":"https:\/\/fvs-stelltsichvor.de\/wordpress\/2025\/03\/10\/schulsieger-des-diercke-wissen-geographie-wettbewerb\/","title":{"rendered":"Schulsieger des \u201eDiercke Wissen\u201c Geographie Wettbewerb"},"content":{"rendered":"\n<p class=\"has-large-font-size\">Schulsieger des \u201eDiercke Wissen\u201c Geographie Wettbewerb<\/p>\n\n\n\n<p>Im Jubil\u00e4umsjahr des Wettbewerbs Diercke-Wissen vom Westermann Verlag nimmt auch die Freiherr-vom-Stein Schule teil. \u00dcber 120 Sch\u00fclerinnen und Sch\u00fclern haben sich zuerst im Klassenwettbewerb untereinander gemessen. Die jeweiligen Klassensieger und Siegerinnen traten dann in einem neuen Wettbewerbs-Satz gegeneinander an. Daraus hervor ging unser Schulsieger <strong>Nicolas Bellwied (10a),<\/strong> der den Zweitplatzierten Serhat N. (10c) im Stechen knapp schlug. Beide erreichten fantastische 24,5 Punkte. Die kniffligen Fragen umfassten alle Bereiche der Geografie. Mal galt es L\u00e4nder der Erde an Umrissen zu erkennen, mal mussten Gebirge benannt werden. Aber auch sozialgeografische Aspekte, wie Bev\u00f6lkerungsentwicklung, Wirtschaftsleistung und Entwicklungsst\u00e4nde mussten inhaltlich miteinander verkn\u00fcpft und in den korrekten Zusammenhang gebracht werden.\u00a0<\/p>\n\n\n\n<p>Nicolas wird unsere Schule nun im Landesfinale vertreten. Sollte er sich auch dort durchsetzen k\u00f6nnen, reist er mit den Landessiegern aus ganz Deutschland zum Finale nach Braunschweig.<\/p>\n\n\n\n<p>Wir gratulieren Nicolas und w\u00fcnschen ihm viel Erfolg f\u00fcr die n\u00e4chste Runde!&nbsp;<\/p>\n\n\n\n<p>Artikel: Frau Bormann<\/p>\n","protected":false},"excerpt":{"rendered":"<p>Schulsieger des \u201eDiercke Wissen\u201c Geographie Wettbewerb Im Jubil\u00e4umsjahr des Wettbewerbs Diercke-Wissen vom Westermann Verlag nimmt auch die Freiherr-vom-Stein Schule teil. \u00dcber 120 Sch\u00fclerinnen und Sch\u00fclern haben sich zuerst im Klassenwettbewerb untereinander gemessen. Die jeweiligen Klassensieger und Siegerinnen traten dann in einem neuen Wettbewerbs-Satz gegeneinander an. Daraus hervor ging unser Schulsieger Nicolas Bellwied (10a), der den [&hellip;]<\/p>\n","protected":false},"author":1,"featured_media":10089,"comment_status":"closed","ping_status":"open","sticky":false,"template":"","format":"standard","meta":{"footnotes":""},"categories":[6,15],"tags":[],"class_list":["post-10086","post","type-post","status-publish","format-standard","has-post-thumbnail","hentry","category-aktuelles","category-projekte"],"jetpack_featured_media_url":"https:\/\/fvs-stelltsichvor.de\/wordpress\/wp-content\/uploads\/2025\/03\/Unbenanntw.jpg","_links":{"self":[{"href":"https:\/\/fvs-stelltsichvor.de\/wordpress\/wp-json\/wp\/v2\/posts\/10086","targetHints":{"allow":["GET"]}}],"collection":[{"href":"https:\/\/fvs-stelltsichvor.de\/wordpress\/wp-json\/wp\/v2\/posts"}],"about":[{"href":"https:\/\/fvs-stelltsichvor.de\/wordpress\/wp-json\/wp\/v2\/types\/post"}],"author":[{"embeddable":true,"href":"https:\/\/fvs-stelltsichvor.de\/wordpress\/wp-json\/wp\/v2\/users\/1"}],"replies":[{"embeddable":true,"href":"https:\/\/fvs-stelltsichvor.de\/wordpress\/wp-json\/wp\/v2\/comments?post=10086"}],"version-history":[{"count":1,"href":"https:\/\/fvs-stelltsichvor.de\/wordpress\/wp-json\/wp\/v2\/posts\/10086\/revisions"}],"predecessor-version":[{"id":10088,"href":"https:\/\/fvs-stelltsichvor.de\/wordpress\/wp-json\/wp\/v2\/posts\/10086\/revisions\/10088"}],"wp:featuredmedia":[{"embeddable":true,"href":"https:\/\/fvs-stelltsichvor.de\/wordpress\/wp-json\/wp\/v2\/media\/10089"}],"wp:attachment":[{"href":"https:\/\/fvs-stelltsichvor.de\/wordpress\/wp-json\/wp\/v2\/media?parent=10086"}],"wp:term":[{"taxonomy":"category","embeddable":true,"href":"https:\/\/fvs-stelltsichvor.de\/wordpress\/wp-json\/wp\/v2\/categories?post=10086"},{"taxonomy":"post_tag","embeddable":true,"href":"https:\/\/fvs-stelltsichvor.de\/wordpress\/wp-json\/wp\/v2\/tags?post=10086"}],"curies":[{"name":"wp","href":"https:\/\/api.w.org\/{rel}","templated":true}]}}